{"id":264885,"date":"2023-02-20T15:37:16","date_gmt":"2023-02-20T14:37:16","guid":{"rendered":"https:\/\/www.myfood.eu\/?p=264885"},"modified":"2025-01-27T08:59:35","modified_gmt":"2025-01-27T08:59:35","slug":"schmecken-erdlose-kulturen","status":"publish","type":"post","link":"https:\/\/myfood.eu\/de\/2023\/02\/schmecken-erdlose-kulturen\/","title":{"rendered":"Schmecken erdlose Kulturen?"},"content":{"rendered":"\n<p>Nehmen wir uns heute die Zeit, mit vielen Mythen und \u00dcberzeugungen (und sogar urbanen Legenden!) aufzur\u00e4umen, um die penible Frage zu beantworten: Schmecken Hors-sol-Kulturen?<\/p>\n\n\n\n<p>Ja, sie haben ihn.<\/p>\n\n\n\n<p>Hier sind f\u00fcnf Argumente, die Ihnen das Schritt f\u00fcr Schritt beweisen.<\/p>\n\n\n<div class=\"wp-block-image\">\n<figure class=\"aligncenter size-large\"><img loading=\"lazy\" decoding=\"async\" width=\"1024\" height=\"576\" src=\"https:\/\/www.myfood.eu\/wp-content\/uploads\/2022\/12\/culture-tour-Zipgrow-1024x576.jpg\" alt=\"Kulturen in vertikalen Zipgrow-T\u00fcrmen\" class=\"wp-image-264842\" srcset=\"\/wp-content\/uploads\/2022\/12\/culture-tour-Zipgrow-1024x576.jpg 1024w, \/wp-content\/uploads\/2022\/12\/culture-tour-Zipgrow-300x169.jpg 300w, \/wp-content\/uploads\/2022\/12\/culture-tour-Zipgrow-768x432.jpg 768w, \/wp-content\/uploads\/2022\/12\/culture-tour-Zipgrow-133x75.jpg 133w, \/wp-content\/uploads\/2022\/12\/culture-tour-Zipgrow-480x270.jpg 480w\" sizes=\"auto, (max-width:767px) 480px, (max-width:1024px) 100vw, 1024px\" \/><figcaption class=\"wp-element-caption\"><em>Kulturen in vertikalen Zipgrow-T\u00fcrmen<\/em><\/figcaption><\/figure><\/div>\n\n\n<h2 class=\"wp-block-heading\">Die Hand des Menschen<\/h2>\n\n\n\n<p>Wissen Sie, wie eine wilde Aubergine aussieht? Eine Melone, die in der Wildnis gefunden wurde? Eine Bohne, die von selbst w\u00e4chst \u2026? Stellen Sie sich vor, dass die Aubergine (urspr\u00fcnglich) nicht gr\u00f6\u00dfer als ein Golfball ist, voller Samen steckt und sehr bitter schmeckt. Ist das nicht appetitlich? Was die Melone betrifft, so hat sie in der Natur einen Durchmesser von 1 cm, enth\u00e4lt wenig Fruchtfleisch (durchscheinend wei\u00df) und ebenfalls viele Samen. Bohnen sind mit gro\u00dfen K\u00f6rnern gef\u00fcllt, haben unregelm\u00e4\u00dfige H\u00fclsen und sind sehr faserig. Was sind die Salate? Haarig und bitter. Das w\u00fcrden Sie nie essen.<\/p>\n\n\n\n<p>Erst in den 1960er Jahren gelang es Z\u00fcchtern, die Bitterkeit von Endiviensalat und anderen Gem\u00fcsesorten zu mildern und sie so zu dem zu machen, was sie heute so beliebt macht. Diese ber\u00fchmten Z\u00fcchter arbeiten auch heute noch an Sorten wie Eskariol und Krauskopf. Bei den gr\u00fcnen Bohnen machte man in den 70er und 80er Jahren Fortschritte: Neue Sorten ohne F\u00e4den und Pergament verbreiteten sich, mit H\u00fclsen, die l\u00e4nger zart bleiben und das l\u00e4stige Ernten alle paar Tage \u00fcberfl\u00fcssig machen.<\/p>\n\n\n\n<p>Sie beginnen, uns kommen zu sehen. Ohne die Hand des Menschen w\u00e4ren wir heute nicht da, wo wir sind, was die Ern\u00e4hrung angeht. Und vor allem spielen das Saatgut, die Sorte und der Zeitpunkt der Ernte eine entscheidende Rolle f\u00fcr den Geschmack unseres Gem\u00fcses.<\/p>\n\n\n\n<div class=\"wp-block-buttons is-horizontal is-content-justification-center is-layout-flex wp-container-core-buttons-is-layout-1 wp-block-buttons-is-layout-flex\">\n<div class=\"wp-block-button has-custom-width wp-block-button__width-50 has-custom-font-size\" style=\"font-size:18px\"><a class=\"wp-block-button__link has-text-color has-background wp-element-button\" href=\"https:\/\/myfood.pro.typeform.com\/pionier-de\" style=\"border-radius:50px;color:#ffffff;background-color:#2ea736\">Kostenloses Geld verdienen<\/a><\/div>\n<\/div>\n\n\n\n<h2 class=\"wp-block-heading\">Der Geschmack kommt vom Samenkorn<\/h2>\n\n\n\n<p>Nat\u00fcrlich spielt das Terroir eine Rolle. Ein bisschen. Aber das Saatgut spielt sehr, sehr viel. Denn das Erbgut des Samens ist in erster Linie f\u00fcr seine geschmacklichen Qualit\u00e4ten verantwortlich. Viele der Pflanzen, von denen Sie sich heute ern\u00e4hren, w\u00e4ren auf sich allein gestellt v\u00f6llig ungenie\u00dfbar. Wir haben nach und nach alle bitteren Samen beiseite gelegt, um s\u00fc\u00dfen und manchmal sogar s\u00fc\u00dfen Sorten den Vorzug zu geben. Dies ist insbesondere bei Erdbeeren, Tomaten und Melonen der Fall. Im Vergleich zu den 2000er Jahren ist man heute im Handel ziemlich sicher, schmackhafte und s\u00fc\u00dfe Melonen zu finden (nat\u00fcrlich nur, wenn man sie nicht im Winter kauft).<\/p>\n\n\n\n<p>Das Substrat (Erde, Wasser) ist nur ein Mittel, um die N\u00e4hrstoffe in die Pflanzen zu transportieren. Die Wurzeln verbrauchen nicht die Erde, sondern eben diese N\u00e4hrstoffe.<\/p>\n\n\n\n<p>Kurz gesagt: Die Gene sind mindestens 80% des Geschmacks.<\/p>\n\n\n\n<p>Psst: Die Samen von Myfood sind besonders gut ausgew\u00e4hlt. Wir haben unsere Tomaten und unseren Mangold analysieren lassen und das Ergebnis ist eindeutig. Sie sind s\u00fc\u00dfer und schmackhafter als die aus den Supermarktregalen.<\/p>\n\n\n\n<h2 class=\"wp-block-heading\">Die Ernte: nicht zu fr\u00fch und nicht zu sp\u00e4t<\/h2>\n\n\n\n<p>Bei perfekter Reife.<\/p>\n\n\n\n<p>Das Obst und Gem\u00fcse, das Sie heute im Handel finden, wird oft aus einer Reihe von Gr\u00fcnden angebaut \u2013 auf Kosten des Geschmacks. Was z\u00e4hlt, ist vielmehr<\/p>\n\n\n\n<ul class=\"wp-block-list\">\n<li>die Haltbarkeit in der Auslage<\/li>\n\n\n\n<li>die Widerstandsf\u00e4higkeit gegen die Unw\u00e4gbarkeiten des Transports<\/li>\n\n\n\n<li>die Widerstandsf\u00e4higkeit gegen Krankheiten und Witterungseinfl\u00fcsse<\/li>\n\n\n\n<li>und sogar der optische Aspekt. Eine sch\u00f6ne, runde und farbenfrohe Tomate l\u00e4sst sich viel besser verkaufen.<\/li>\n\n\n\n<li>schlie\u00dflich werden viele Sorten wegen ihres Ertrags bevorzugt (sie lassen sich leicht in gro\u00dfen Mengen produzieren).<\/li>\n<\/ul>\n\n\n\n<p>Der Geschmack tritt daher eher in den Hintergrund.<\/p>\n\n\n\n<p>Idealerweise sollte die Frucht gepfl\u00fcckt werden, wenn sie reif ist. Vorher ist sie weniger s\u00fc\u00df und hat weniger Aroma. Danach ist sie verdorben und kann einen zu ges\u00e4ttigten Geschmack haben.<\/p>\n\n\n<div class=\"wp-block-image\">\n<figure class=\"aligncenter size-large\"><img loading=\"lazy\" decoding=\"async\" width=\"1024\" height=\"576\" src=\"https:\/\/www.myfood.eu\/wp-content\/uploads\/2022\/11\/Melons-sauvages-1024x576.png\" alt=\"Wilde Melonen mit einem Durchmesser von einem Zentimeter\" class=\"wp-image-264198\" srcset=\"\/wp-content\/uploads\/2022\/11\/Melons-sauvages-1024x576.png 1024w, \/wp-content\/uploads\/2022\/11\/Melons-sauvages-300x169.png 300w, \/wp-content\/uploads\/2022\/11\/Melons-sauvages-768x432.png 768w, \/wp-content\/uploads\/2022\/11\/Melons-sauvages-133x75.png 133w, \/wp-content\/uploads\/2022\/11\/Melons-sauvages-480x270.png 480w\" sizes=\"auto, (max-width:767px) 480px, (max-width:1024px) 100vw, 1024px\" \/><figcaption class=\"wp-element-caption\"><em>Wilde Melonen mit einem Durchmesser von einem Zentimeter<\/em><\/figcaption><\/figure><\/div>\n\n\n<h2 class=\"wp-block-heading\">Bio ist wahrscheinlich besser. Aber lokal ist der Schl\u00fcssel.<\/h2>\n\n\n\n<p>Wir haben die Vorstellung, dass es besser schmeckt, wenn es ohne Pestizide angebaut wird, und wenn wir unser Obst und Gem\u00fcse essen, stellen wir fest, dass es besser schmeckt. Das ist der \u201cHalo-Effekt\u201d: eine kognitive Verzerrung, die unsere Wahrnehmung von Menschen und Dingen beeinflusst. Nur, dass mehr als ein Viertel der Bioprodukte aus Gro\u00dfbetrieben in Mitteleuropa oder Polen stammen und Tausende von Kilometern zur\u00fccklegen, bevor sie auf Ihrem Teller landen.<\/p>\n\n\n\n<p>Daher sollten Sie (neben Bio) vor allem auf lokale Produkte setzen. Weniger Transport bedeutet, dass die Pflanzen oft reifer geerntet werden \u2026 und daher schmackhafter sind.<\/p>\n\n\n\n<p>Wenig Geschmack aufgrund einer zu fr\u00fchen Ernte bedeutet oft auch einen Mangel an Vitaminen und N\u00e4hrstoffen\u2026 Aber das heben wir uns f\u00fcr einen sp\u00e4teren Artikel auf\ud83d\ude09.<\/p>\n\n\n\n<h2 class=\"wp-block-heading\">Was ist mit den Jahreszeiten in all dem?<\/h2>\n\n\n\n<p>Finden Sie, dass Ihre Tomaten im Dezember nach \u201cFlotte Lotte\u201d schmecken? 70 % der in Frankreich produzierten Tomaten werden bis in den tiefsten Winter hinein in erdlosen Hydrokulturen angebaut. In diesem Fall ist das Hauptproblem nicht die Hydroponik, sondern die Jahreszeit. Es ist schwierig, die Wirkung der Sonnenstrahlen durch LEDs und ein Gew\u00e4chshaus mitten im Winter zu ersetzen.<\/p>\n\n\n\n<p><br>Wenn Sie hingegen Erdbeeren probieren, die im Mai mit derselben Technik im Freien angebaut wurden, wird der Geschmack schl\u00fcssig sein. Erinnern Sie sich an unsere Geschichte mit den Samen? Darum geht es. Eine gut ges\u00fc\u00dfte Sorte, die in Aquaponik angebaut wird, wird \u201cwahnsinnig\u201d schmecken. Das sagen nicht wir, sondern unsere Nutzer.<\/p>\n\n\n<div class=\"wp-block-image\">\n<figure class=\"aligncenter size-large\"><img loading=\"lazy\" decoding=\"async\" width=\"1024\" height=\"576\" src=\"https:\/\/www.myfood.eu\/wp-content\/uploads\/2022\/11\/Haricots-sauvage-1024x576.png\" alt=\"Bohnen, die man in der Natur findet\" class=\"wp-image-264201\" srcset=\"\/wp-content\/uploads\/2022\/11\/Haricots-sauvage-1024x576.png 1024w, \/wp-content\/uploads\/2022\/11\/Haricots-sauvage-300x169.png 300w, \/wp-content\/uploads\/2022\/11\/Haricots-sauvage-768x432.png 768w, \/wp-content\/uploads\/2022\/11\/Haricots-sauvage-133x75.png 133w, \/wp-content\/uploads\/2022\/11\/Haricots-sauvage-480x270.png 480w\" sizes=\"auto, (max-width:767px) 480px, (max-width:1024px) 100vw, 1024px\" \/><figcaption class=\"wp-element-caption\"><em>Bohnen, die man in der Natur findet<\/em><\/figcaption><\/figure><\/div>\n\n\n<h2 class=\"wp-block-heading\">Ein Extratipp f\u00fcr Sie: Gie\u00dfen Sie m\u00e4\u00dfig, um den Geschmack zu konzentrieren.<\/h2>\n\n\n\n<p>Nehmen Sie Karotten. Viele G\u00e4rtner neigen dazu, reichlich zu gie\u00dfen, um die Produktionsmenge zu erh\u00f6hen. Nur: Wenn der Boden st\u00e4ndig mit zu viel Wasser vollgesogen ist, hat es das Gem\u00fcse schwer, sein volles Aroma zu entwickeln. Idealerweise sollte man w\u00e4hrend der Reifung der Fr\u00fcchte nur tr\u00f6pfchenweise gie\u00dfen und die Pflanzen ihre Aromen entwickeln lassen.<\/p>\n\n\n\n<h2 class=\"wp-block-heading\">Wir haben noch einen letzten Punkt zu entmystifizieren: Schmecken erdlose Aquaponik-Kulturen fischig?<\/h2>\n\n\n\n<p>Nein, erdlose Kulturen in Aquaponik schmecken nicht nach Fisch.<\/p>\n\n\n\n<p>Wenn Sie Ihre Karotten oder Kartoffeln essen, die Sie bei Ihrem Lieblingsgem\u00fcsebauern gekauft haben, fragen Sie sich, ob sie nach Mist schmecken (der von Landwirten zur Anreicherung ihrer B\u00f6den verwendet wird)? Nat\u00fcrlich ist das nicht der Fall. Das liegt daran, dass das Gem\u00fcse seine N\u00e4hrstoffe aus den Ausscheidungen von Fischen bezieht, die reich an Stickstoff, Kohlenstoff, Magnesium, Kalium \u2026 in Form von Molek\u00fclen sind. Diese haben keinen Geschmack. Es ist das Erbgut, das auch hier wieder den Geschmack der Pflanze bestimmen wird.<\/p>\n\n\n\n<p>Sie k\u00f6nnen also ruhig schlafen und sich auf die Aquaponik einlassen. Sie werden wahrscheinlich noch schmackhafter essen als zuvor \ud83d\ude09.<\/p>\n\n\n\n<p>Psst: Die Myfood-Gew\u00e4chsh\u00e4user bestehen aus einem Aquaponik-Anbausystem UND Gem\u00fcsebeeten mit Blumenerde, Wurmkompost und Biokohle(unsere ber\u00fchmten \u201cPerma-Beh\u00e4lter\u201d f\u00fcr die Stammg\u00e4ste). Sie k\u00f6nnten also durchaus eine Vergleichsstudie auf der Ebene Ihres Gartens durchf\u00fchren. Wir z\u00e4hlen darauf, dass Sie uns von den Ergebnissen Ihrer Geschmacksexperimente berichten.<\/p>\n\n\n\n<p>Immer noch nicht \u00fcberzeugt?<\/p>\n\n\n\n<p>Dann erwarten wir Sie in unseren R\u00e4umlichkeiten im Elsass, wo Sie unsere Produktion aus erdlosem Anbau probieren k\u00f6nnen. RDV au 43 route Ecospace 67120 Molsheim, das Team empf\u00e4ngt Sie gerne \ud83d\ude42<\/p>\n\n\n\n<div class=\"wp-block-buttons is-horizontal is-content-justification-center is-layout-flex wp-container-core-buttons-is-layout-2 wp-block-buttons-is-layout-flex\">\n<div class=\"wp-block-button has-custom-width wp-block-button__width-50 has-custom-font-size\" style=\"font-size:18px\"><a class=\"wp-block-button__link has-text-color has-background wp-element-button\" href=\"https:\/\/myfood.pro.typeform.com\/pionier-de\" style=\"border-radius:50px;color:#ffffff;background-color:#2ea736\">Kostenloses Geld verdienen<\/a><\/div>\n<\/div>\n\n\n\n<p><\/p>\n","protected":false},"excerpt":{"rendered":"<p>Nehmen wir uns heute die Zeit, mit vielen Mythen und \u00dcberzeugungen (und sogar urbanen Legenden!) aufzur\u00e4umen, um die penible Frage zu beantworten: Schmecken Hors-sol-Kulturen? Ja, sie<span class=\"excerpt-hellip\"> [\u2026]<\/span><\/p>\n","protected":false},"author":1,"featured_media":264849,"comment_status":"open","ping_status":"open","sticky":false,"template":"","format":"standard","meta":{"footnotes":""},"categories":[344,340],"tags":[114,31,33],"class_list":["post-264885","post","type-post","status-publish","format-standard","has-post-thumbnail","hentry","category-anbaumethoden","category-ernaehrung","tag-anbau","tag-gewaechshaus","tag-kulturen"],"yoast_head":"<!-- This site is optimized with the Yoast SEO plugin v24.7 - https:\/\/yoast.com\/wordpress\/plugins\/seo\/ -->\n<title>Bodenlose Kulturen: Schmecken sie?<\/title>\n<meta name=\"description\" content=\"Nehmen wir uns heute die Zeit, viele der Mythen zu entlarven, um die Frage zu beantworten: Schmecken Hors-sol-Kulturen?\" \/>\n<meta name=\"robots\" content=\"index, follow, max-snippet:-1, max-image-preview:large, max-video-preview:-1\" \/>\n<link rel=\"canonical\" href=\"https:\/\/myfood.eu\/de\/2023\/02\/schmecken-erdlose-kulturen\/\" \/>\n<meta property=\"og:locale\" content=\"de_DE\" \/>\n<meta property=\"og:type\" content=\"article\" \/>\n<meta property=\"og:title\" content=\"Bodenlose Kulturen: Schmecken sie?\" \/>\n<meta property=\"og:description\" content=\"Nehmen wir uns heute die Zeit, viele der Mythen zu entlarven, um die Frage zu beantworten: Schmecken Hors-sol-Kulturen?\" \/>\n<meta property=\"og:url\" content=\"https:\/\/myfood.eu\/de\/2023\/02\/schmecken-erdlose-kulturen\/\" \/>\n<meta property=\"og:site_name\" content=\"myfood - Serre innovante et Permaculture\" \/>\n<meta property=\"article:published_time\" content=\"2023-02-20T14:37:16+00:00\" \/>\n<meta property=\"article:modified_time\" content=\"2025-01-27T08:59:35+00:00\" \/>\n<meta property=\"og:image\" content=\"https:\/\/myfood.eu\/wp-content\/uploads\/2022\/12\/Melon-en-serre-myfood-2.jpg\" \/>\n\t<meta property=\"og:image:width\" content=\"1920\" \/>\n\t<meta property=\"og:image:height\" content=\"1080\" \/>\n\t<meta property=\"og:image:type\" content=\"image\/jpeg\" \/>\n<meta name=\"author\" content=\"admin\" \/>\n<meta name=\"twitter:card\" content=\"summary_large_image\" \/>\n<meta name=\"twitter:creator\" content=\"@admin@myfood.eu\" \/>\n<meta name=\"twitter:label1\" content=\"Verfasst von\" \/>\n\t<meta name=\"twitter:data1\" content=\"admin\" \/>\n\t<meta name=\"twitter:label2\" content=\"Gesch\u00e4tzte Lesezeit\" \/>\n\t<meta name=\"twitter:data2\" content=\"9\u00a0Minuten\" \/>\n<script type=\"application\/ld+json\" class=\"yoast-schema-graph\">{\"@context\":\"https:\/\/schema.org\",\"@graph\":[{\"@type\":\"WebPage\",\"@id\":\"https:\/\/myfood.eu\/de\/2023\/02\/schmecken-erdlose-kulturen\/\",\"url\":\"https:\/\/myfood.eu\/de\/2023\/02\/schmecken-erdlose-kulturen\/\",\"name\":\"Bodenlose Kulturen: Schmecken sie?\",\"isPartOf\":{\"@id\":\"https:\/\/myfood.eu\/de\/#website\"},\"primaryImageOfPage\":{\"@id\":\"https:\/\/myfood.eu\/de\/2023\/02\/schmecken-erdlose-kulturen\/#primaryimage\"},\"image\":{\"@id\":\"https:\/\/myfood.eu\/de\/2023\/02\/schmecken-erdlose-kulturen\/#primaryimage\"},\"thumbnailUrl\":\"\/wp-content\/uploads\/2022\/12\/Melon-en-serre-myfood-2.jpg\",\"datePublished\":\"2023-02-20T14:37:16+00:00\",\"dateModified\":\"2025-01-27T08:59:35+00:00\",\"author\":{\"@id\":\"https:\/\/myfood.eu\/de\/#\/schema\/person\/66baf1e5a9518dc0cf5050e34a6759bd\"},\"description\":\"Nehmen wir uns heute die Zeit, viele der Mythen zu entlarven, um die Frage zu beantworten: Schmecken Hors-sol-Kulturen?\",\"breadcrumb\":{\"@id\":\"https:\/\/myfood.eu\/de\/2023\/02\/schmecken-erdlose-kulturen\/#breadcrumb\"},\"inLanguage\":\"de\",\"potentialAction\":[{\"@type\":\"ReadAction\",\"target\":[\"https:\/\/myfood.eu\/de\/2023\/02\/schmecken-erdlose-kulturen\/\"]}]},{\"@type\":\"ImageObject\",\"inLanguage\":\"de\",\"@id\":\"https:\/\/myfood.eu\/de\/2023\/02\/schmecken-erdlose-kulturen\/#primaryimage\",\"url\":\"\/wp-content\/uploads\/2022\/12\/Melon-en-serre-myfood-2.jpg\",\"contentUrl\":\"\/wp-content\/uploads\/2022\/12\/Melon-en-serre-myfood-2.jpg\",\"width\":1920,\"height\":1080,\"caption\":\"Melone, die in einem Myfood-Gew\u00e4chshaus w\u00e4chst\"},{\"@type\":\"BreadcrumbList\",\"@id\":\"https:\/\/myfood.eu\/de\/2023\/02\/schmecken-erdlose-kulturen\/#breadcrumb\",\"itemListElement\":[{\"@type\":\"ListItem\",\"position\":1,\"name\":\"Home\",\"item\":\"https:\/\/myfood.eu\/de\/\"},{\"@type\":\"ListItem\",\"position\":2,\"name\":\"Schmecken erdlose Kulturen?\"}]},{\"@type\":\"WebSite\",\"@id\":\"https:\/\/myfood.eu\/de\/#website\",\"url\":\"https:\/\/myfood.eu\/de\/\",\"name\":\"myfood - Serre innovante et Permaculture\",\"description\":\"Se reconnecter \u00e0 son alimentation\",\"potentialAction\":[{\"@type\":\"SearchAction\",\"target\":{\"@type\":\"EntryPoint\",\"urlTemplate\":\"https:\/\/myfood.eu\/de\/?s={search_term_string}\"},\"query-input\":{\"@type\":\"PropertyValueSpecification\",\"valueRequired\":true,\"valueName\":\"search_term_string\"}}],\"inLanguage\":\"de\"},{\"@type\":\"Person\",\"@id\":\"https:\/\/myfood.eu\/de\/#\/schema\/person\/66baf1e5a9518dc0cf5050e34a6759bd\",\"name\":\"admin\",\"image\":{\"@type\":\"ImageObject\",\"inLanguage\":\"de\",\"@id\":\"https:\/\/myfood.eu\/de\/#\/schema\/person\/image\/\",\"url\":\"https:\/\/secure.gravatar.com\/avatar\/ad33338237077d3cb1a62a1997e5bf78?s=96&d=mm&r=g\",\"contentUrl\":\"https:\/\/secure.gravatar.com\/avatar\/ad33338237077d3cb1a62a1997e5bf78?s=96&d=mm&r=g\",\"caption\":\"admin\"},\"sameAs\":[\"https:\/\/myfood.eu\",\"https:\/\/x.com\/admin@myfood.eu\"],\"url\":\"https:\/\/myfood.eu\/de\/author\/admin\/\"}]}<\/script>\n<!-- \/ Yoast SEO plugin. -->","yoast_head_json":{"title":"Bodenlose Kulturen: Schmecken sie?","description":"Nehmen wir uns heute die Zeit, viele der Mythen zu entlarven, um die Frage zu beantworten: Schmecken Hors-sol-Kulturen?","robots":{"index":"index","follow":"follow","max-snippet":"max-snippet:-1","max-image-preview":"max-image-preview:large","max-video-preview":"max-video-preview:-1"},"canonical":"https:\/\/myfood.eu\/de\/2023\/02\/schmecken-erdlose-kulturen\/","og_locale":"de_DE","og_type":"article","og_title":"Bodenlose Kulturen: Schmecken sie?","og_description":"Nehmen wir uns heute die Zeit, viele der Mythen zu entlarven, um die Frage zu beantworten: Schmecken Hors-sol-Kulturen?","og_url":"https:\/\/myfood.eu\/de\/2023\/02\/schmecken-erdlose-kulturen\/","og_site_name":"myfood - Serre innovante et Permaculture","article_published_time":"2023-02-20T14:37:16+00:00","article_modified_time":"2025-01-27T08:59:35+00:00","og_image":[{"width":1920,"height":1080,"url":"https:\/\/myfood.eu\/wp-content\/uploads\/2022\/12\/Melon-en-serre-myfood-2.jpg","type":"image\/jpeg"}],"author":"admin","twitter_card":"summary_large_image","twitter_creator":"@admin@myfood.eu","twitter_misc":{"Verfasst von":"admin","Gesch\u00e4tzte Lesezeit":"9\u00a0Minuten"},"schema":{"@context":"https:\/\/schema.org","@graph":[{"@type":"WebPage","@id":"https:\/\/myfood.eu\/de\/2023\/02\/schmecken-erdlose-kulturen\/","url":"https:\/\/myfood.eu\/de\/2023\/02\/schmecken-erdlose-kulturen\/","name":"Bodenlose Kulturen: Schmecken sie?","isPartOf":{"@id":"https:\/\/myfood.eu\/de\/#website"},"primaryImageOfPage":{"@id":"https:\/\/myfood.eu\/de\/2023\/02\/schmecken-erdlose-kulturen\/#primaryimage"},"image":{"@id":"https:\/\/myfood.eu\/de\/2023\/02\/schmecken-erdlose-kulturen\/#primaryimage"},"thumbnailUrl":"\/wp-content\/uploads\/2022\/12\/Melon-en-serre-myfood-2.jpg","datePublished":"2023-02-20T14:37:16+00:00","dateModified":"2025-01-27T08:59:35+00:00","author":{"@id":"https:\/\/myfood.eu\/de\/#\/schema\/person\/66baf1e5a9518dc0cf5050e34a6759bd"},"description":"Nehmen wir uns heute die Zeit, viele der Mythen zu entlarven, um die Frage zu beantworten: Schmecken Hors-sol-Kulturen?","breadcrumb":{"@id":"https:\/\/myfood.eu\/de\/2023\/02\/schmecken-erdlose-kulturen\/#breadcrumb"},"inLanguage":"de","potentialAction":[{"@type":"ReadAction","target":["https:\/\/myfood.eu\/de\/2023\/02\/schmecken-erdlose-kulturen\/"]}]},{"@type":"ImageObject","inLanguage":"de","@id":"https:\/\/myfood.eu\/de\/2023\/02\/schmecken-erdlose-kulturen\/#primaryimage","url":"\/wp-content\/uploads\/2022\/12\/Melon-en-serre-myfood-2.jpg","contentUrl":"\/wp-content\/uploads\/2022\/12\/Melon-en-serre-myfood-2.jpg","width":1920,"height":1080,"caption":"Melone, die in einem Myfood-Gew\u00e4chshaus w\u00e4chst"},{"@type":"BreadcrumbList","@id":"https:\/\/myfood.eu\/de\/2023\/02\/schmecken-erdlose-kulturen\/#breadcrumb","itemListElement":[{"@type":"ListItem","position":1,"name":"Home","item":"https:\/\/myfood.eu\/de\/"},{"@type":"ListItem","position":2,"name":"Schmecken erdlose Kulturen?"}]},{"@type":"WebSite","@id":"https:\/\/myfood.eu\/de\/#website","url":"https:\/\/myfood.eu\/de\/","name":"myfood - Serre innovante et Permaculture","description":"Se reconnecter \u00e0 son alimentation","potentialAction":[{"@type":"SearchAction","target":{"@type":"EntryPoint","urlTemplate":"https:\/\/myfood.eu\/de\/?s={search_term_string}"},"query-input":{"@type":"PropertyValueSpecification","valueRequired":true,"valueName":"search_term_string"}}],"inLanguage":"de"},{"@type":"Person","@id":"https:\/\/myfood.eu\/de\/#\/schema\/person\/66baf1e5a9518dc0cf5050e34a6759bd","name":"admin","image":{"@type":"ImageObject","inLanguage":"de","@id":"https:\/\/myfood.eu\/de\/#\/schema\/person\/image\/","url":"https:\/\/secure.gravatar.com\/avatar\/ad33338237077d3cb1a62a1997e5bf78?s=96&d=mm&r=g","contentUrl":"https:\/\/secure.gravatar.com\/avatar\/ad33338237077d3cb1a62a1997e5bf78?s=96&d=mm&r=g","caption":"admin"},"sameAs":["https:\/\/myfood.eu","https:\/\/x.com\/admin@myfood.eu"],"url":"https:\/\/myfood.eu\/de\/author\/admin\/"}]}},"_links":{"self":[{"href":"https:\/\/myfood.eu\/de\/wp-json\/wp\/v2\/posts\/264885","targetHints":{"allow":["GET"]}}],"collection":[{"href":"https:\/\/myfood.eu\/de\/wp-json\/wp\/v2\/posts"}],"about":[{"href":"https:\/\/myfood.eu\/de\/wp-json\/wp\/v2\/types\/post"}],"author":[{"embeddable":true,"href":"https:\/\/myfood.eu\/de\/wp-json\/wp\/v2\/users\/1"}],"replies":[{"embeddable":true,"href":"https:\/\/myfood.eu\/de\/wp-json\/wp\/v2\/comments?post=264885"}],"version-history":[{"count":0,"href":"https:\/\/myfood.eu\/de\/wp-json\/wp\/v2\/posts\/264885\/revisions"}],"wp:featuredmedia":[{"embeddable":true,"href":"https:\/\/myfood.eu\/de\/wp-json\/wp\/v2\/media\/264849"}],"wp:attachment":[{"href":"https:\/\/myfood.eu\/de\/wp-json\/wp\/v2\/media?parent=264885"}],"wp:term":[{"taxonomy":"category","embeddable":true,"href":"https:\/\/myfood.eu\/de\/wp-json\/wp\/v2\/categories?post=264885"},{"taxonomy":"post_tag","embeddable":true,"href":"https:\/\/myfood.eu\/de\/wp-json\/wp\/v2\/tags?post=264885"}],"curies":[{"name":"wp","href":"https:\/\/api.w.org\/{rel}","templated":true}]}}