{"id":267986,"date":"2023-12-13T12:03:41","date_gmt":"2023-12-13T11:03:41","guid":{"rendered":"https:\/\/www.myfood.eu\/?p=267986"},"modified":"2025-01-27T09:17:32","modified_gmt":"2025-01-27T09:17:32","slug":"es-ist-noch-alles-offen","status":"publish","type":"post","link":"https:\/\/myfood.eu\/de\/2023\/12\/es-ist-noch-alles-offen\/","title":{"rendered":"Es ist noch alles offen"},"content":{"rendered":"\n<p>Bald ist das Jahr 2023 zu Ende.<\/p>\n\n\n\n<p>Es ist an der Zeit, auf all die Arbeit zur\u00fcckzuschauen, die wir geleistet haben, und Bilanz zu ziehen. Es ist an der Zeit, nach vorne zu blicken, wo wir Sie, liebe Leser, liebe Abonnenten, Pioniere oder zuk\u00fcnftige Pioniere, Partner, Lieferanten, Mitarbeiter von myfood, hinf\u00fchren wollen.<\/p>\n\n\n\n<p>Aus diesem Grund haben wir eine <strong>gro\u00dfe Entscheidung<\/strong> getroffen.<\/p>\n\n\n\n<p>Wie einige von Ihnen wissen, ist Myfood <a href=\"https:\/\/www.initiativesdurables.com\/adherents\/myfood\/\"><strong>ein Unternehmen mit einer Mission<\/strong><\/a>, d. h. es hat in seinem sozialen Status einen sozialen und \u00f6kologischen Zweck. Das ist es, wof\u00fcr es gegr\u00fcndet wurde, das ist es, was uns alle t\u00e4glich antreibt:<\/p>\n\n\n\n<p>Den Menschen wieder die F\u00e4higkeit und die Freiheit zu geben, ihre eigenen, <strong>endlich gesunden Lebensmittel<\/strong> einfach zu produzieren.<\/p>\n\n\n\n<p><strong>Warum ist das so? <\/strong><strong><\/strong><\/p>\n\n\n\n<ul class=\"wp-block-list\">\n<li>F\u00fcr unsere Gesundheit und die unserer Lieben,<\/li>\n\n\n\n<li>F\u00fcr unsere Umwelt,<\/li>\n\n\n\n<li>F\u00fcr unser aller Zukunft.<\/li>\n<\/ul>\n\n\n\n<p>Wir m\u00f6chten gerne glauben, dass jeder, der uns heute liest, <a href=\"https:\/\/myfood.eu\/de\/community\/unsere-vision\/\">unsere Geschichte, unsere Werte, unser Engagement und unsere tiefsten \u00dcberzeugungen kennt<\/a>. Aus diesem Grund m\u00f6chten wir heute bei einigen wichtigen Themen etwas tiefer in die Materie einsteigen.<\/p>\n\n\n\n<p>Es wird niemandem entgangen sein, dass sich <strong>die Welt in einem tiefgreifenden Wandel befindet<\/strong>. In den n\u00e4chsten Jahren wird unser Leben durch eine Vielzahl von Faktoren ver\u00e4ndert werden.<\/p>\n\n\n\n<p>Wir sehen es als unsere Pflicht an, Sie in dieser Entwicklung zu begleiten, diese Gemeinschaft zu begleiten,<strong> die sich um starke, kraftvolle Werte herum gebildet hat und die st\u00e4ndig w\u00e4chst<\/strong>, in Europa und international.<\/p>\n\n\n\n<p>Sie sind die Mitglieder unseres \u00d6kosystems, ohne die myfood nichts w\u00e4re.<\/p>\n\n\n\n<p>Wir hoffen, dass dieser Austausch, der nicht immer leicht zu integrieren oder zu verdauen ist und manchmal vielleicht sogar zugegeben werden muss, in Ihren Augen einen Wert darstellt.<\/p>\n\n\n\n<p>Das ist unser Neujahrsgeschenk an Sie: das Wissen und die Weitergabe wichtiger Informationen.<\/p>\n\n\n\n<div class=\"wp-block-buttons is-content-justification-center is-layout-flex wp-container-core-buttons-is-layout-1 wp-block-buttons-is-layout-flex\">\n<div class=\"wp-block-button has-custom-font-size\" style=\"font-size:18px\"><a class=\"wp-block-button__link has-white-color has-text-color has-background has-text-align-center wp-element-button\" href=\"https:\/\/myfood.pro.typeform.com\/pionier-de\" style=\"background-color:#2ea736\">Ich m\u00f6chte dies mit dem Team besprechen<\/a><\/div>\n<\/div>\n\n\n\n<div style=\"height:30px\" aria-hidden=\"true\" class=\"wp-block-spacer\"><\/div>\n\n\n\n<figure class=\"wp-block-image size-full\"><img loading=\"lazy\" decoding=\"async\" width=\"1000\" height=\"667\" src=\"\/wp-content\/uploads\/2023\/12\/Abeilles-pesticides-1.jpg\" alt=\"\" class=\"wp-image-267960\" srcset=\"\/wp-content\/uploads\/2023\/12\/Abeilles-pesticides-1.jpg 1000w, \/wp-content\/uploads\/2023\/12\/Abeilles-pesticides-1-300x200.jpg 300w, \/wp-content\/uploads\/2023\/12\/Abeilles-pesticides-1-768x512.jpg 768w, \/wp-content\/uploads\/2023\/12\/Abeilles-pesticides-1-112x75.jpg 112w, \/wp-content\/uploads\/2023\/12\/Abeilles-pesticides-1-480x320.jpg 480w\" sizes=\"auto, (max-width:767px) 480px, (max-width:1000px) 100vw, 1000px\" \/><\/figure>\n\n\n\n<h2 class=\"wp-block-heading\">Zur\u00fcck zu den Nachrichten: Was ist in den letzten Wochen passiert?<\/h2>\n\n\n\n<p>Man kann sagen, dass der November f\u00fcr alle, die das Leben und die Gesundheit der Menschen sch\u00fctzen, schwer zu verkraften war:<\/p>\n\n\n\n<ul class=\"wp-block-list\">\n<li>Am Mittwoch, dem 22. November, lehnte das Europ\u00e4ische Parlament den Gesetzestext zur Halbierung des Pestizideinsatzes bis 2030 ab. Vom Green Deal, dem gr\u00fcnen Pakt der EU, ist nun fast nichts mehr \u00fcbrig.<\/li>\n\n\n\n<li>Sechs Tage zuvor, am Donnerstag, den 16. November, genehmigte die Europ\u00e4ische Kommission den massiven Einsatz von Glyphosat, dem weltweit am h\u00e4ufigsten verwendeten Pestizid, erneut f\u00fcr zehn Jahre.<\/li>\n\n\n\n<li>In Frankreich und Br\u00fcssel wird derzeit \u00fcber SDHI-Pestizide diskutiert, Fungizide, die wegen ihrer krebserregenden Wirkung und der Entwicklung neurodegenerativer Erkrankungen beim Menschen umstritten sind.<\/li>\n<\/ul>\n\n\n\n<h2 class=\"wp-block-heading\">Ein echtes Umweltproblem<\/h2>\n\n\n\n<p>Der Klimawandel und die Umweltver\u00e4nderungen sind Tatsachen, die wir mittlerweile alle t\u00e4glich beobachten k\u00f6nnen. Doch <strong>der schwerwiegendste Faktor<\/strong>, auf den wir Ihre Aufmerksamkeit lenken m\u00f6chten und den Sie eigentlich jeden Tag beobachten k\u00f6nnen, der aber dennoch nicht bewusst wahrgenommen wird, ist:<\/p>\n\n\n\n<p><strong>Der Zusammenbruch der Biodiversit\u00e4t<\/strong>.<\/p>\n\n\n\n<figure class=\"wp-block-image size-large\"><img loading=\"lazy\" decoding=\"async\" width=\"819\" height=\"1024\" src=\"https:\/\/www.myfood.eu\/wp-content\/uploads\/2023\/12\/20200518PHT79346-cl-819x1024.jpg\" alt=\"\" class=\"wp-image-267987\" srcset=\"\/wp-content\/uploads\/2023\/12\/20200518PHT79346-cl-819x1024.jpg 819w, \/wp-content\/uploads\/2023\/12\/20200518PHT79346-cl-240x300.jpg 240w, \/wp-content\/uploads\/2023\/12\/20200518PHT79346-cl-768x960.jpg 768w, \/wp-content\/uploads\/2023\/12\/20200518PHT79346-cl-60x75.jpg 60w, \/wp-content\/uploads\/2023\/12\/20200518PHT79346-cl-480x600.jpg 480w\" sizes=\"auto, (max-width:767px) 480px, (max-width:819px) 100vw, 819px\" \/><\/figure>\n\n\n\n<div style=\"height:60px\" aria-hidden=\"true\" class=\"wp-block-spacer\"><\/div>\n\n\n\n<p>Heutzutage kann jeder beobachten, dass immer weniger Insekten w\u00e4hrend der Fahrt an den Windschutzscheiben unserer Autos kleben oder dass immer weniger V\u00f6gel am Himmel, vor unseren Fenstern und in unseren G\u00e4rten zu sehen sind. Diejenigen, die diese Art von Nachrichten verfolgen, werden auch erfahren haben, dass Bienen und die wichtigsten Best\u00e4uber einen rapiden R\u00fcckgang verzeichnen.<\/p>\n\n\n\n<h3 class=\"wp-block-heading\">Warum halten wir den weit verbreiteten Zusammenbruch des Lebens f\u00fcr die wichtigste Tatsache, die es zu ber\u00fccksichtigen gilt?<\/h3>\n\n\n\n<p>Zun\u00e4chst einmal: Was ist der Zusammenbruch des Lebens? Was ist damit gemeint?<\/p>\n\n\n\n<blockquote class=\"wp-block-quote is-layout-flow wp-block-quote-is-layout-flow\">\n<p><strong>Der Zusammenbruch der biologischen Vielfalt,<\/strong> ist eine \u00f6kologische Krise, die das weltweite Aussterben von Arten (Pflanzen- oder Tierarten), sowie die lokale Reduzierung oder den Verlust von Arten in einem bestimmten Lebensraum und das Verschwinden von \u00d6kosystemen beinhaltet. Verschiedenen Studien zufolge verdeutlicht dieser Verlust die sechste gro\u00dfe Aussterbekrise, die derzeit auf der Erde stattfindet. Definition.<\/p>\n<\/blockquote>\n\n\n\n<div style=\"height:20px\" aria-hidden=\"true\" class=\"wp-block-spacer\"><\/div>\n\n\n\n<h3 class=\"wp-block-heading\">Warum ist das schon jetzt und f\u00fcr unsere Zukunft ernst?<\/h3>\n\n\n\n<p>Abgesehen von der Tatsache, dass Tiere und Wildtiere aussterben, was f\u00fcr die meisten von uns mehr als genug Motivation sein mag, gibt es noch viele weitere Folgen:<\/p>\n\n\n\n<p><strong>Wenn das Lebendige weiterhin auf diese Weise beeinflusst wird<\/strong>, werden wir Folgendes erleiden:<\/p>\n\n\n\n<ul class=\"wp-block-list\">\n<li>Die Zunahme von Krankheiten bei Menschen und Tier sowie eine h\u00f6here Geschwindigkeit der Ansteckung.<\/li>\n\n\n\n<li>Die Beschleunigung des Waldsterbens in ganz Europa. Mehrere Faktoren zusammengenommen erkl\u00e4ren dieses Ph\u00e4nomen: wiederholte D\u00fcrreperioden, Insektensch\u00e4dlinge (Borkenk\u00e4fer&#8230;), Pilze oder andere Parasiten (Eschenkrebs, Kastanientintling&#8230;).<\/li>\n\n\n\n<li>Eine kontinuierliche Abnahme unserer Lebensqualit\u00e4t insgesamt (deren offensichtlicher R\u00fcckgang bereits zu beobachten ist).<\/li>\n\n\n\n<li><strong>Sinkende Ertr\u00e4ge in der Landwirtschaft, was bedeutet, dass wir immer weniger, teurere und unges\u00fcndere Lebensmittel haben.<\/strong><strong><\/strong><\/li>\n<\/ul>\n\n\n\n<h3 class=\"wp-block-heading\">Warum verschwindet das Lebendige so schnell?<\/h3>\n\n\n\n<p>Damit kommen wir <strong>zum Kern des Themas<\/strong> und zum Zentrum der Beweggr\u00fcnde von myfood. Wenn Sie die Zusammenfassung des Berichts von IPBES, dem IPCC der Biodiversit\u00e4t (des Lebens), lesen, werden Sie feststellen, dass f\u00fcnf Hauptfaktoren identifiziert werden:<\/p>\n\n\n\n<ul class=\"wp-block-list\">\n<li>Ver\u00e4nderung der Nutzung von Land und Meeren.<\/li>\n\n\n\n<li>Direkte und intensive Ausbeutung<\/li>\n\n\n\n<li>Klimawandel<\/li>\n\n\n\n<li>Verschmutzung<\/li>\n\n\n\n<li>Invasive Arten<\/li>\n<\/ul>\n\n\n\n<p>Sicherlich sind diese Faktoren die Gr\u00fcnde f\u00fcr den Zusammenbruch des Lebens auf der Erde. Leider wird der wichtigste Faktor, n\u00e4mlich die Ursache f\u00fcr den Zusammenbruch des Lebens auf der Erde, absolut nicht ausgesprochen. Er ist versteckt und geht unter den anderen unter. Und das ist das Problem der Probleme, das oberste Problem ganz oben in der Pyramide.<\/p>\n\n\n\n<p><strong>Die Hauptursache f\u00fcr den Zusammenbruch der biologischen Vielfalt ist sehr einfach:<\/strong><strong><\/strong><\/p>\n\n\n\n<p>Es sind die Gifte, die wir zu Millionen Tonnen pro Jahr \u00fcberall in all unseren Natur- und Lebensr\u00e4umen ausbringen. Gifte, die nur eine einzige Funktion haben, die nur f\u00fcr eine einzige Sache entwickelt wurden: zu t\u00f6ten.<\/p>\n\n\n\n<p><strong>Die Hauptursache f\u00fcr den R\u00fcckgang der biologischen Vielfalt auf der Erde liegt zum gr\u00f6\u00dften Teil in synthetischen Pestiziden.<\/strong><strong><\/strong><\/p>\n\n\n\n<p>Jedes dieser Gifte f\u00fcr alles Lebendige im Allgemeinen hat seine Spezialit\u00e4ten und seine spezifischen Ziele:<\/p>\n\n\n\n<ul class=\"wp-block-list\">\n<li>Herbizide zum T\u00f6ten von Pflanzen.<\/li>\n\n\n\n<li>Fungizide zum T\u00f6ten von Pilzen.<\/li>\n\n\n\n<li>Insektizide zum T\u00f6ten von Insekten.<\/li>\n\n\n\n<li>Neonicotinoide zum T\u00f6ten von Insekten.<\/li>\n\n\n\n<li>Regizide zum T\u00f6ten von Nagetieren.<\/li>\n<\/ul>\n\n\n\n<p>Diese giftigen Pestizide finden sich \u00fcberall, in unseren K\u00f6rpern, in unserem Blut, in den Plazentas schwangerer Frauen, auf unseren Tellern, in unserem Wasser, im Regen, in den B\u00f6den (nat\u00fcrlich), in der Luft und in allen nat\u00fcrlichen Umgebungen, sogar in denen, die der Mensch nie oder nur selten betreten hat.<\/p>\n\n\n\n<p>Wie Sie wissen, gef\u00e4hrden diese Gifte die menschliche Gesundheit, es ist schon seit langem eine Katastrophe f\u00fcr die \u00f6ffentliche Gesundheit. Wir sind alle mehr oder weniger betroffen: Krebs, Missbildungen, Allergien, chronische Krankheiten usw. h\u00f6chstwahrscheinlich durch diese Biozide, von denen immer mehr von der Justiz und manchmal sogar vom Staat anerkannt werden.<\/p>\n\n\n\n<h3 class=\"wp-block-heading\">Glyphosat, es geht wieder los!<\/h3>\n\n\n\n<p>W\u00e4hrend wir diese Worte schreiben, hat sich die Europ\u00e4ische Kommission bewusst daf\u00fcr entschieden, Glyphosat, das meistverkaufte und meistverbreitete Pestizid der Welt, <strong>f\u00fcr weitere 10 Jahre zuzulassen<\/strong>, obwohl es f\u00fcr die Gesundheit von Menschen und Lebewesen gef\u00e4hrlich ist. Auch wenn der Ausstieg aus Glyphosat ein komplexes Thema in der Landwirtschaft ist, wird das Problem durch das Verschieben nur noch gr\u00f6\u00dfer. Die Gewissheit, dass die Verwendung von Glyphosat die biologische Vielfalt und k\u00fcnftige Generationen weiterhin beeintr\u00e4chtigen wird, ist jedoch unbestreitbar.<\/p>\n\n\n\n<figure class=\"wp-block-image size-full\"><img loading=\"lazy\" decoding=\"async\" width=\"1000\" height=\"666\" src=\"\/wp-content\/uploads\/2023\/12\/shutterstock_2298932353_glyphosate.jpg\" alt=\"\" class=\"wp-image-267842\" srcset=\"\/wp-content\/uploads\/2023\/12\/shutterstock_2298932353_glyphosate.jpg 1000w, \/wp-content\/uploads\/2023\/12\/shutterstock_2298932353_glyphosate-300x200.jpg 300w, \/wp-content\/uploads\/2023\/12\/shutterstock_2298932353_glyphosate-768x511.jpg 768w, \/wp-content\/uploads\/2023\/12\/shutterstock_2298932353_glyphosate-113x75.jpg 113w, \/wp-content\/uploads\/2023\/12\/shutterstock_2298932353_glyphosate-480x320.jpg 480w\" sizes=\"auto, (max-width:767px) 480px, (max-width:1000px) 100vw, 1000px\" \/><\/figure>\n\n\n\n<p>Dies war einer der Hauptgr\u00fcnde, warum die Mitbegr\u00fcnder Matthieu und Micka\u00ebl 2015 beschlossen, myfood zu gr\u00fcnden.<\/p>\n\n\n\n<p>Landesweites Handeln in der Politik ist angesichts der Einflussnahme von Lobbys (insbesondere der Agrochemie, Hersteller und Verk\u00e4ufer von Pestiziden) komplex. <strong>Allen B\u00fcrgern eine Chance zu geben, die Kontrolle \u00fcber ihr Essen zur\u00fcckzugewinnen<\/strong>, ist hingegen erreichbar. Jeder kann in seinem Ma\u00dfstab das System der Nahrungsmittelproduktion positiv ver\u00e4ndern, bevor es zu sp\u00e4t ist.<\/p>\n\n\n\n<p>Aus diesem Grund m\u00f6chten wir Sie am Ende des Jahres 2023 warnen.<\/p>\n\n\n\n<h2 class=\"wp-block-heading\">Noch ist nichts entschieden<\/h2>\n\n\n\n<p><strong>Warum haben wir uns entschieden, Sie heute zu warnen?<\/strong><strong><\/strong><\/p>\n\n\n\n<p>Wenn Sie sich dieser Tatsache bewusstwerden, entscheiden sich vielleicht viele von Ihnen, etwas zu tun, egal wie.<\/p>\n\n\n\n<p><strong>Was k\u00f6nnen Sie jetzt tun?<\/strong><strong><\/strong><\/p>\n\n\n\n<p>Wir laden Sie vor allem dazu ein, all diese Themen zu erforschen, denn nichts ist jemals entschieden. Es gibt keinen unausweichlichen Zusammenbruch. Eine kollektive Bewusstseinsbildung ist im Gange und die Summe der Initiativen kann die Situation umkehren.<\/p>\n\n\n\n<p>Zu diesem Zweck stellen wir auch eine lange Liste von Ressourcen zur Verf\u00fcgung, die Ihnen helfen k\u00f6nnen (am Ende des Artikels). Aber Sie k\u00f6nnen nat\u00fcrlich auch Zeit sparen und mit Ihren Beratern dar\u00fcber sprechen und ihnen alle Ihre Fragen stellen.<\/p>\n\n\n\n<p>Dar\u00fcber hinaus sollten auch mehr oder weniger einfach umzusetzende Ma\u00dfnahmen in Betracht gezogen werden:<\/p>\n\n\n\n<ul class=\"wp-block-list\">\n<li>Biologisch und in kurzen Kreisl\u00e4ufen essen.<\/li>\n\n\n\n<li>Selbst produzieren (im Gew\u00e4chshaus, of course) und selbst kochen.<\/li>\n\n\n\n<li>Den Hausgebrauch von giftigen Produkten verbannen, es gibt Alternativen: Die Marke weniger<\/li>\n\n\n\n<li>Auf Marken in Gesch\u00e4ften achten<\/li>\n\n\n\n<li>Vern\u00fcnftigerweise qualitativ hochwertiges und lokales Fleisch essen.<\/li>\n\n\n\n<li>B\u00e4ume und Blumen auf Ihrem Grundst\u00fcck pflanzen.<\/li>\n\n\n\n<li>Nicht zu viel m\u00e4hen oder den Boden zu stark bearbeiten<\/li>\n\n\n\n<li>Arbeiten Sie f\u00fcr die Ern\u00e4hrungsumstellung: Treten Sie Myfood bei.<\/li>\n<\/ul>\n\n\n\n<div class=\"wp-block-buttons is-content-justification-center is-layout-flex wp-container-core-buttons-is-layout-2 wp-block-buttons-is-layout-flex\">\n<div class=\"wp-block-button has-custom-font-size\" style=\"font-size:18px\"><a class=\"wp-block-button__link has-white-color has-text-color has-background has-text-align-center wp-element-button\" href=\"https:\/\/myfood.pro.typeform.com\/pionier-de\" style=\"background-color:#2ea736\">Ich trete der Gemeinschaft der Pionierb\u00fcrger bei<\/a><\/div>\n<\/div>\n\n\n\n<div style=\"height:30px\" aria-hidden=\"true\" class=\"wp-block-spacer\"><\/div>\n\n\n\n<p>Wenn Ihnen dieser Artikel gefallen oder Sie interessiert hat, lassen Sie es uns bitte wissen. Alle Mitglieder von Myfood w\u00fcnschen Ihnen ein wunderbares Weihnachtsfest und einen guten Rutsch ins neue Jahr.<\/p>\n\n\n\n<p><\/p>\n","protected":false},"excerpt":{"rendered":"<p>Bald ist das Jahr 2023 zu Ende. Es ist an der Zeit, auf all die Arbeit zur\u00fcckzuschauen, die wir geleistet haben, und Bilanz zu ziehen. Es<span class=\"excerpt-hellip\"> [\u2026]<\/span><\/p>\n","protected":false},"author":1,"featured_media":267957,"comment_status":"open","ping_status":"open","sticky":false,"template":"","format":"standard","meta":{"footnotes":""},"categories":[144,126],"tags":[143,139,145,146],"class_list":["post-267986","post","type-post","status-publish","format-standard","has-post-thumbnail","hentry","category-biodiversitat","category-okologie","tag-biodiversitaet","tag-gartenarbeit","tag-glyohosat","tag-pestizide"],"yoast_head":"<!-- This site is optimized with the Yoast SEO plugin v24.7 - https:\/\/yoast.com\/wordpress\/plugins\/seo\/ -->\n<title>Es ist noch alles offen<\/title>\n<meta name=\"description\" content=\"Glyphosat, es geht wieder los! Es ist an der Zeit, auf individueller Ebene zu handeln, um die Biodiversit\u00e4t positiv zu beeinflussen.\" \/>\n<meta name=\"robots\" content=\"index, follow, max-snippet:-1, max-image-preview:large, max-video-preview:-1\" \/>\n<link rel=\"canonical\" href=\"https:\/\/myfood.eu\/de\/2023\/12\/es-ist-noch-alles-offen\/\" \/>\n<meta property=\"og:locale\" content=\"de_DE\" \/>\n<meta property=\"og:type\" content=\"article\" \/>\n<meta property=\"og:title\" content=\"Es ist noch alles offen\" \/>\n<meta property=\"og:description\" content=\"Glyphosat, es geht wieder los! Es ist an der Zeit, auf individueller Ebene zu handeln, um die Biodiversit\u00e4t positiv zu beeinflussen.\" \/>\n<meta property=\"og:url\" content=\"https:\/\/myfood.eu\/de\/2023\/12\/es-ist-noch-alles-offen\/\" \/>\n<meta property=\"og:site_name\" content=\"myfood - Serre innovante et Permaculture\" \/>\n<meta property=\"article:published_time\" content=\"2023-12-13T11:03:41+00:00\" \/>\n<meta property=\"article:modified_time\" content=\"2025-01-27T09:17:32+00:00\" \/>\n<meta property=\"og:image\" content=\"https:\/\/myfood.eu\/wp-content\/uploads\/2023\/12\/shutterstock_1662575323-1-scaled-1.jpg\" \/>\n\t<meta property=\"og:image:width\" content=\"2560\" \/>\n\t<meta property=\"og:image:height\" content=\"1707\" \/>\n\t<meta property=\"og:image:type\" content=\"image\/jpeg\" \/>\n<meta name=\"author\" content=\"admin\" \/>\n<meta name=\"twitter:card\" content=\"summary_large_image\" \/>\n<meta name=\"twitter:creator\" content=\"@admin@myfood.eu\" \/>\n<meta name=\"twitter:label1\" content=\"Verfasst von\" \/>\n\t<meta name=\"twitter:data1\" content=\"admin\" \/>\n\t<meta name=\"twitter:label2\" content=\"Gesch\u00e4tzte Lesezeit\" \/>\n\t<meta name=\"twitter:data2\" content=\"11\u00a0Minuten\" \/>\n<script type=\"application\/ld+json\" class=\"yoast-schema-graph\">{\"@context\":\"https:\/\/schema.org\",\"@graph\":[{\"@type\":\"WebPage\",\"@id\":\"https:\/\/myfood.eu\/de\/2023\/12\/es-ist-noch-alles-offen\/\",\"url\":\"https:\/\/myfood.eu\/de\/2023\/12\/es-ist-noch-alles-offen\/\",\"name\":\"Es ist noch alles offen\",\"isPartOf\":{\"@id\":\"https:\/\/myfood.eu\/de\/#website\"},\"primaryImageOfPage\":{\"@id\":\"https:\/\/myfood.eu\/de\/2023\/12\/es-ist-noch-alles-offen\/#primaryimage\"},\"image\":{\"@id\":\"https:\/\/myfood.eu\/de\/2023\/12\/es-ist-noch-alles-offen\/#primaryimage\"},\"thumbnailUrl\":\"\/wp-content\/uploads\/2023\/12\/shutterstock_1662575323-1-scaled-1.jpg\",\"datePublished\":\"2023-12-13T11:03:41+00:00\",\"dateModified\":\"2025-01-27T09:17:32+00:00\",\"author\":{\"@id\":\"https:\/\/myfood.eu\/de\/#\/schema\/person\/66baf1e5a9518dc0cf5050e34a6759bd\"},\"description\":\"Glyphosat, es geht wieder los! Es ist an der Zeit, auf individueller Ebene zu handeln, um die Biodiversit\u00e4t positiv zu beeinflussen.\",\"breadcrumb\":{\"@id\":\"https:\/\/myfood.eu\/de\/2023\/12\/es-ist-noch-alles-offen\/#breadcrumb\"},\"inLanguage\":\"de\",\"potentialAction\":[{\"@type\":\"ReadAction\",\"target\":[\"https:\/\/myfood.eu\/de\/2023\/12\/es-ist-noch-alles-offen\/\"]}]},{\"@type\":\"ImageObject\",\"inLanguage\":\"de\",\"@id\":\"https:\/\/myfood.eu\/de\/2023\/12\/es-ist-noch-alles-offen\/#primaryimage\",\"url\":\"\/wp-content\/uploads\/2023\/12\/shutterstock_1662575323-1-scaled-1.jpg\",\"contentUrl\":\"\/wp-content\/uploads\/2023\/12\/shutterstock_1662575323-1-scaled-1.jpg\",\"width\":2560,\"height\":1707},{\"@type\":\"BreadcrumbList\",\"@id\":\"https:\/\/myfood.eu\/de\/2023\/12\/es-ist-noch-alles-offen\/#breadcrumb\",\"itemListElement\":[{\"@type\":\"ListItem\",\"position\":1,\"name\":\"Home\",\"item\":\"https:\/\/myfood.eu\/de\/\"},{\"@type\":\"ListItem\",\"position\":2,\"name\":\"Es ist noch alles offen\"}]},{\"@type\":\"WebSite\",\"@id\":\"https:\/\/myfood.eu\/de\/#website\",\"url\":\"https:\/\/myfood.eu\/de\/\",\"name\":\"myfood - Serre innovante et Permaculture\",\"description\":\"Se reconnecter \u00e0 son alimentation\",\"potentialAction\":[{\"@type\":\"SearchAction\",\"target\":{\"@type\":\"EntryPoint\",\"urlTemplate\":\"https:\/\/myfood.eu\/de\/?s={search_term_string}\"},\"query-input\":{\"@type\":\"PropertyValueSpecification\",\"valueRequired\":true,\"valueName\":\"search_term_string\"}}],\"inLanguage\":\"de\"},{\"@type\":\"Person\",\"@id\":\"https:\/\/myfood.eu\/de\/#\/schema\/person\/66baf1e5a9518dc0cf5050e34a6759bd\",\"name\":\"admin\",\"image\":{\"@type\":\"ImageObject\",\"inLanguage\":\"de\",\"@id\":\"https:\/\/myfood.eu\/de\/#\/schema\/person\/image\/\",\"url\":\"https:\/\/secure.gravatar.com\/avatar\/ad33338237077d3cb1a62a1997e5bf78?s=96&d=mm&r=g\",\"contentUrl\":\"https:\/\/secure.gravatar.com\/avatar\/ad33338237077d3cb1a62a1997e5bf78?s=96&d=mm&r=g\",\"caption\":\"admin\"},\"sameAs\":[\"https:\/\/myfood.eu\",\"https:\/\/x.com\/admin@myfood.eu\"],\"url\":\"https:\/\/myfood.eu\/de\/author\/admin\/\"}]}<\/script>\n<!-- \/ Yoast SEO plugin. -->","yoast_head_json":{"title":"Es ist noch alles offen","description":"Glyphosat, es geht wieder los! Es ist an der Zeit, auf individueller Ebene zu handeln, um die Biodiversit\u00e4t positiv zu beeinflussen.","robots":{"index":"index","follow":"follow","max-snippet":"max-snippet:-1","max-image-preview":"max-image-preview:large","max-video-preview":"max-video-preview:-1"},"canonical":"https:\/\/myfood.eu\/de\/2023\/12\/es-ist-noch-alles-offen\/","og_locale":"de_DE","og_type":"article","og_title":"Es ist noch alles offen","og_description":"Glyphosat, es geht wieder los! Es ist an der Zeit, auf individueller Ebene zu handeln, um die Biodiversit\u00e4t positiv zu beeinflussen.","og_url":"https:\/\/myfood.eu\/de\/2023\/12\/es-ist-noch-alles-offen\/","og_site_name":"myfood - Serre innovante et Permaculture","article_published_time":"2023-12-13T11:03:41+00:00","article_modified_time":"2025-01-27T09:17:32+00:00","og_image":[{"width":2560,"height":1707,"url":"https:\/\/myfood.eu\/wp-content\/uploads\/2023\/12\/shutterstock_1662575323-1-scaled-1.jpg","type":"image\/jpeg"}],"author":"admin","twitter_card":"summary_large_image","twitter_creator":"@admin@myfood.eu","twitter_misc":{"Verfasst von":"admin","Gesch\u00e4tzte Lesezeit":"11\u00a0Minuten"},"schema":{"@context":"https:\/\/schema.org","@graph":[{"@type":"WebPage","@id":"https:\/\/myfood.eu\/de\/2023\/12\/es-ist-noch-alles-offen\/","url":"https:\/\/myfood.eu\/de\/2023\/12\/es-ist-noch-alles-offen\/","name":"Es ist noch alles offen","isPartOf":{"@id":"https:\/\/myfood.eu\/de\/#website"},"primaryImageOfPage":{"@id":"https:\/\/myfood.eu\/de\/2023\/12\/es-ist-noch-alles-offen\/#primaryimage"},"image":{"@id":"https:\/\/myfood.eu\/de\/2023\/12\/es-ist-noch-alles-offen\/#primaryimage"},"thumbnailUrl":"\/wp-content\/uploads\/2023\/12\/shutterstock_1662575323-1-scaled-1.jpg","datePublished":"2023-12-13T11:03:41+00:00","dateModified":"2025-01-27T09:17:32+00:00","author":{"@id":"https:\/\/myfood.eu\/de\/#\/schema\/person\/66baf1e5a9518dc0cf5050e34a6759bd"},"description":"Glyphosat, es geht wieder los! Es ist an der Zeit, auf individueller Ebene zu handeln, um die Biodiversit\u00e4t positiv zu beeinflussen.","breadcrumb":{"@id":"https:\/\/myfood.eu\/de\/2023\/12\/es-ist-noch-alles-offen\/#breadcrumb"},"inLanguage":"de","potentialAction":[{"@type":"ReadAction","target":["https:\/\/myfood.eu\/de\/2023\/12\/es-ist-noch-alles-offen\/"]}]},{"@type":"ImageObject","inLanguage":"de","@id":"https:\/\/myfood.eu\/de\/2023\/12\/es-ist-noch-alles-offen\/#primaryimage","url":"\/wp-content\/uploads\/2023\/12\/shutterstock_1662575323-1-scaled-1.jpg","contentUrl":"\/wp-content\/uploads\/2023\/12\/shutterstock_1662575323-1-scaled-1.jpg","width":2560,"height":1707},{"@type":"BreadcrumbList","@id":"https:\/\/myfood.eu\/de\/2023\/12\/es-ist-noch-alles-offen\/#breadcrumb","itemListElement":[{"@type":"ListItem","position":1,"name":"Home","item":"https:\/\/myfood.eu\/de\/"},{"@type":"ListItem","position":2,"name":"Es ist noch alles offen"}]},{"@type":"WebSite","@id":"https:\/\/myfood.eu\/de\/#website","url":"https:\/\/myfood.eu\/de\/","name":"myfood - Serre innovante et Permaculture","description":"Se reconnecter \u00e0 son alimentation","potentialAction":[{"@type":"SearchAction","target":{"@type":"EntryPoint","urlTemplate":"https:\/\/myfood.eu\/de\/?s={search_term_string}"},"query-input":{"@type":"PropertyValueSpecification","valueRequired":true,"valueName":"search_term_string"}}],"inLanguage":"de"},{"@type":"Person","@id":"https:\/\/myfood.eu\/de\/#\/schema\/person\/66baf1e5a9518dc0cf5050e34a6759bd","name":"admin","image":{"@type":"ImageObject","inLanguage":"de","@id":"https:\/\/myfood.eu\/de\/#\/schema\/person\/image\/","url":"https:\/\/secure.gravatar.com\/avatar\/ad33338237077d3cb1a62a1997e5bf78?s=96&d=mm&r=g","contentUrl":"https:\/\/secure.gravatar.com\/avatar\/ad33338237077d3cb1a62a1997e5bf78?s=96&d=mm&r=g","caption":"admin"},"sameAs":["https:\/\/myfood.eu","https:\/\/x.com\/admin@myfood.eu"],"url":"https:\/\/myfood.eu\/de\/author\/admin\/"}]}},"_links":{"self":[{"href":"https:\/\/myfood.eu\/de\/wp-json\/wp\/v2\/posts\/267986","targetHints":{"allow":["GET"]}}],"collection":[{"href":"https:\/\/myfood.eu\/de\/wp-json\/wp\/v2\/posts"}],"about":[{"href":"https:\/\/myfood.eu\/de\/wp-json\/wp\/v2\/types\/post"}],"author":[{"embeddable":true,"href":"https:\/\/myfood.eu\/de\/wp-json\/wp\/v2\/users\/1"}],"replies":[{"embeddable":true,"href":"https:\/\/myfood.eu\/de\/wp-json\/wp\/v2\/comments?post=267986"}],"version-history":[{"count":0,"href":"https:\/\/myfood.eu\/de\/wp-json\/wp\/v2\/posts\/267986\/revisions"}],"wp:featuredmedia":[{"embeddable":true,"href":"https:\/\/myfood.eu\/de\/wp-json\/wp\/v2\/media\/267957"}],"wp:attachment":[{"href":"https:\/\/myfood.eu\/de\/wp-json\/wp\/v2\/media?parent=267986"}],"wp:term":[{"taxonomy":"category","embeddable":true,"href":"https:\/\/myfood.eu\/de\/wp-json\/wp\/v2\/categories?post=267986"},{"taxonomy":"post_tag","embeddable":true,"href":"https:\/\/myfood.eu\/de\/wp-json\/wp\/v2\/tags?post=267986"}],"curies":[{"name":"wp","href":"https:\/\/api.w.org\/{rel}","templated":true}]}}