{"id":268095,"date":"2024-01-10T15:39:53","date_gmt":"2024-01-10T14:39:53","guid":{"rendered":"https:\/\/www.myfood.eu\/?p=268095"},"modified":"2025-01-27T09:17:34","modified_gmt":"2025-01-27T09:17:34","slug":"warum-myfood","status":"publish","type":"post","link":"https:\/\/myfood.eu\/de\/2024\/01\/warum-myfood\/","title":{"rendered":"Warum Myfood?"},"content":{"rendered":"\n<p>Am Anfang (vor fast 10 Jahren) wurde unser Projekt von einer Notwendigkeit und einer Vision angetrieben. Die, m\u00f6glichst viele B\u00fcrger wieder mit ihrer Ern\u00e4hrung zu verbinden und die Produktion zu dezentralisieren, um eine \u00f6kologische Herausforderung zu l\u00f6sen.<\/p>\n\n\n\n<p>Heute hat sich unsere Gemeinschaft <strong>mit \u00fcber 1000 installierten Gew\u00e4chsh\u00e4usern in Europa und auf internationaler Ebene etabliert<\/strong>. Unsere Motivation besteht nun darin, diese gro\u00dfe Familie in ihrem Alltag zu begleiten und weiterhin das Gemeinwohl zu ern\u00e4hren, indem wir ein bew\u00e4hrtes Modell erweitern.<\/p>\n\n\n\n<p>Wenn Sie sich unserer engagierten und lernenden Gemeinschaft anschlie\u00dfen, <strong>welchen Einfluss werden Sie haben<\/strong>? Wie wird Ihr gesellschaftlicher Beitrag auch <strong>Ihre individuellen Probleme<\/strong> unterst\u00fctzen?<\/p>\n\n\n\n<figure class=\"wp-block-image size-large is-resized\"><img loading=\"lazy\" decoding=\"async\" width=\"1024\" height=\"686\" src=\"\/wp-content\/uploads\/2024\/01\/Pourquoi-Myfood-1024x686.jpg\" alt=\"Communaut\u00e9 Myfood\" class=\"wp-image-268031\" style=\"width:840px;height:undefinedpx\" srcset=\"\/wp-content\/uploads\/2024\/01\/Pourquoi-Myfood-1024x686.jpg 1024w, \/wp-content\/uploads\/2024\/01\/Pourquoi-Myfood-300x201.jpg 300w, \/wp-content\/uploads\/2024\/01\/Pourquoi-Myfood-768x515.jpg 768w, \/wp-content\/uploads\/2024\/01\/Pourquoi-Myfood-112x75.jpg 112w, \/wp-content\/uploads\/2024\/01\/Pourquoi-Myfood-480x322.jpg 480w\" sizes=\"auto, (max-width:767px) 480px, (max-width:1024px) 100vw, 1024px\" \/><figcaption class=\"wp-element-caption\"><em>Im Jahr 2023 haben sich mehr als 250 neue Pioniere unserer engagierten Gemeinschaft angeschlossen.<\/em><\/figcaption><\/figure>\n\n\n\n<div style=\"height:30px\" aria-hidden=\"true\" class=\"wp-block-spacer\"><\/div>\n\n\n\n<h2 class=\"wp-block-heading\">Inwiefern ist das Myfood-Gew\u00e4chshaus eine glaubw\u00fcrdige L\u00f6sung f\u00fcr den \u00f6kologischen Wandel?<\/h2>\n\n\n\n<p>Es stellt sich zwangsl\u00e4ufig die Frage nach den Auswirkungen des Lebenszyklus des Gew\u00e4chshauses im Vergleich zu konventionellen oder biologischen Produktionsmethoden.<\/p>\n\n\n\n<h3 class=\"wp-block-heading\">1. Herausforderung: Den Lebensmittel-Fu\u00dfabdruck verringern \ud83d\udc3e<\/h3>\n\n\n\n<p>Zuhause im Gew\u00e4chshaus zu produzieren ist eine klare <strong>Antwort auf die intensive Landwirtschaft und all ihre Externalit\u00e4ten<\/strong>. Durch eine ultralokale Produktion gleichen unsere L\u00f6sungen ihre Kohlenstoffschuld \u00fcber ihren gesamten Lebenszyklus hinweg schrittweise aus (nat\u00fcrliche D\u00fcngemittel, marginaler Energieverbrauch, weniger Fahrten, weniger Lebensmittelabf\u00e4lle, geringere Luft- und Wasserverschmutzung usw.). <a href=\"https:\/\/wiki.myfood.eu\/docs\/impact-carbone-et-conception\">Siehe unseren Artikel zu diesem Thema.<\/a><\/p>\n\n\n\n<h3 class=\"wp-block-heading\">2. Herausforderung: Den Boden schonen und in der Stadt produzieren \ud83c\udf07<\/h3>\n\n\n\n<p>Es ist eine Tatsache, dass t\u00e4glich mehrere Dutzend landwirtschaftliche Betriebe geschlossen werden, oft zugunsten einer k\u00fcnstlichen Bodenbebauung oder des Intensivanbaus f\u00fcr Biomasse. Die Aquaponik ist eine erdlose Technik, die es erm\u00f6glicht, im eigenen Garten, aber auch in verschmutzten oder unfruchtbaren Gebieten, insbesondere in St\u00e4dten, zu produzieren. Unsere Gew\u00e4chsh\u00e4user werden z. B. auch auf D\u00e4chern aufgestellt.<\/p>\n\n\n\n<h3 class=\"wp-block-heading\">3. Herausforderung: Frische und nahrhafte Lebensmittel konsumieren \ud83e\udd6c<\/h3>\n\n\n\n<p>Angesichts der wiederholten Lebensmittelskandale und der wachsenden Unsicherheit gegen\u00fcber Labels und Marken ist der eigene Anbau die ultimative R\u00fcckverfolgbarkeit. Denn: Sind Sie sich wirklich des restlichen N\u00e4hrstoffgehalts der frischen Produkte bewusst, die Sie im Laden kaufen?<\/p>\n\n\n\n<h3 class=\"wp-block-heading\">4. Herausforderung: Biodiversit\u00e4t sch\u00fctzen \ud83e\udd8b<\/h3>\n\n\n\n<p>Keine synthetischen Pestizide mehr zu verwenden, die auf unseren Tellern landen und unsere Gesundheit beeintr\u00e4chtigen, kann dazu beitragen, die Biodiversit\u00e4t wieder zu entwickeln, die f\u00fcr unsere \u00d6kosysteme einfach unverzichtbar ist. Und das ist auch dringend notwendig, <a href=\"https:\/\/myfood.eu\/de\/2023\/12\/es-ist-noch-alles-offen\/\">siehe unseren Artikel zu diesem Thema.<\/a><\/p>\n\n\n\n<h3 class=\"wp-block-heading\">5. Herausforderung: Angesichts der Erw\u00e4rmung die Wasserproblematik in den Griff bekommen \ud83d\udca7<\/h3>\n\n\n\n<p>\u00c4hnlich wie die Nahrungsmittelknappheit wird auch die Wasserknappheit weiter zunehmen. Das Prinzip des <strong>Kreislaufanbaus<\/strong> (Aquaponik oder Bioponik), spart 80-90% Wasser und funktioniert mit Regenwasser, das im Gew\u00e4chshaus gesammelt wird. <a href=\"https:\/\/myfood.eu\/de\/2023\/04\/trockenheit-und-loesungen\/\">Siehe unseren Artikel zu diesem Thema.<\/a><\/p>\n\n\n\n<h3 class=\"wp-block-heading\">6. Herausforderung: Lernen und die Zufriedenheit mit der Eigenproduktion wiedererlangen \ud83d\ude06<\/h3>\n\n\n\n<p>Indem wir in einer Lerngemeinschaft begleitet werden, geben wir unserer Gesellschaft das mit der Nahrungsmittelproduktion verbundene Wissen zur\u00fcck, die Befriedigung der Selbstversorgung, aber auch ein Beispiel f\u00fcr unsere zuk\u00fcnftigen Generationen.<\/p>\n\n\n\n<p><em>Die Liste der Vorteile ist noch sehr lang, wenn Sie mehr erfahren m\u00f6chten, k\u00f6nnen Sie sich in unserem Myfood-Wiki informieren oder sich mit unseren Teammitgliedern austauschen:<\/em><\/p>\n\n\n\n<div class=\"wp-block-buttons is-content-justification-center is-layout-flex wp-container-core-buttons-is-layout-1 wp-block-buttons-is-layout-flex\">\n<div class=\"wp-block-button has-custom-font-size\" style=\"font-size:18px\"><a class=\"wp-block-button__link has-white-color has-text-color has-background has-text-align-center wp-element-button\" href=\"https:\/\/myfood.pro.typeform.com\/pionier-de\" style=\"background-color:#2ea736\">Ich bin neugierig auf mehr<\/a><\/div>\n<\/div>\n\n\n\n<div style=\"height:30px\" aria-hidden=\"true\" class=\"wp-block-spacer\"><\/div>\n\n\n\n<h2 class=\"wp-block-heading\">Warum erreichen die B\u00fcrger mit ihrem herk\u00f6mmlichen Gem\u00fcsegarten keine Selbstversorgung?<\/h2>\n\n\n\n<p>Nachdem wir in den letzten acht Jahren mit mehr als 15.000 Menschen telefoniert haben, wissen wir jetzt ganz genau, was <strong>die Hindernisse f\u00fcr die Selbstversorgung in unseren westlichen L\u00e4ndern sind<\/strong>. Und das ist der Grund, warum dies nun mit Myfood m\u00f6glich wird.<\/p>\n\n\n\n<p>Hier ist, was wir jeden Tag h\u00f6ren:<\/p>\n\n\n<div class=\"wp-block-image\">\n<figure class=\"alignleft size-medium\"><img loading=\"lazy\" decoding=\"async\" width=\"300\" height=\"167\" src=\"https:\/\/www.myfood.eu\/wp-content\/uploads\/2024\/01\/Pas-le-temps-DE-300x167.jpg\" alt=\"\" class=\"wp-image-268096\" srcset=\"\/wp-content\/uploads\/2024\/01\/Pas-le-temps-DE-300x167.jpg 300w, \/wp-content\/uploads\/2024\/01\/Pas-le-temps-DE-1024x569.jpg 1024w, \/wp-content\/uploads\/2024\/01\/Pas-le-temps-DE-768x427.jpg 768w, \/wp-content\/uploads\/2024\/01\/Pas-le-temps-DE-135x75.jpg 135w, \/wp-content\/uploads\/2024\/01\/Pas-le-temps-DE-480x267.jpg 480w, \/wp-content\/uploads\/2024\/01\/Pas-le-temps-DE.jpg 1080w\" sizes=\"auto, (max-width:767px) 300px, 300px\" \/><\/figure><\/div>\n\n\n<p>Um einen Selbstversorgungsgrad von mehr als 60 % bei Obst und Gem\u00fcse zu erreichen, <strong>muss man entweder ein fitter Rentner oder ein Teilzeit-Gem\u00fcsebauer sein<\/strong>. Zwischen Arbeit, Familie, Reisen, Aktivit\u00e4ten usw. hat unser modernes Leben das Gleichgewicht von Beruf und Gem\u00fcsegarten sehr kompliziert gemacht.<\/p>\n\n\n<div class=\"wp-block-image\">\n<figure class=\"alignright size-medium\"><img loading=\"lazy\" decoding=\"async\" width=\"300\" height=\"167\" src=\"https:\/\/www.myfood.eu\/wp-content\/uploads\/2024\/01\/Pas-la-main-verte-DE-300x167.jpg\" alt=\"\" class=\"wp-image-268099\" srcset=\"\/wp-content\/uploads\/2024\/01\/Pas-la-main-verte-DE-300x167.jpg 300w, \/wp-content\/uploads\/2024\/01\/Pas-la-main-verte-DE-1024x569.jpg 1024w, \/wp-content\/uploads\/2024\/01\/Pas-la-main-verte-DE-768x427.jpg 768w, \/wp-content\/uploads\/2024\/01\/Pas-la-main-verte-DE-135x75.jpg 135w, \/wp-content\/uploads\/2024\/01\/Pas-la-main-verte-DE-480x267.jpg 480w, \/wp-content\/uploads\/2024\/01\/Pas-la-main-verte-DE.jpg 1080w\" sizes=\"auto, (max-width:767px) 300px, 300px\" \/><\/figure><\/div>\n\n\n<p class=\"has-text-align-right\"><strong>Wissen, wie man einen Gem\u00fcsegarten anlegt, ist weitgehend verloren gegangen.<\/strong> Viele B\u00fcrger haben entweder noch nie geg\u00e4rtnert und wissen nicht, wo sie anfangen sollen, oder das Experiment Gem\u00fcseanbau st\u00f6\u00dft auf entmutigende Schwierigkeiten (schwierige Erde, Sch\u00e4dlinge, Gie\u00dfen, J\u00e4ten, ungeeignete Sorten usw.).<\/p>\n\n\n<div class=\"wp-block-image\">\n<figure class=\"alignleft size-medium\"><img loading=\"lazy\" decoding=\"async\" width=\"300\" height=\"167\" src=\"https:\/\/www.myfood.eu\/wp-content\/uploads\/2024\/01\/Pas-la-place-DE-300x167.jpg\" alt=\"\" class=\"wp-image-268102\" srcset=\"\/wp-content\/uploads\/2024\/01\/Pas-la-place-DE-300x167.jpg 300w, \/wp-content\/uploads\/2024\/01\/Pas-la-place-DE-1024x569.jpg 1024w, \/wp-content\/uploads\/2024\/01\/Pas-la-place-DE-768x427.jpg 768w, \/wp-content\/uploads\/2024\/01\/Pas-la-place-DE-135x75.jpg 135w, \/wp-content\/uploads\/2024\/01\/Pas-la-place-DE-480x267.jpg 480w, \/wp-content\/uploads\/2024\/01\/Pas-la-place-DE.jpg 1080w\" sizes=\"auto, (max-width:767px) 300px, 300px\" \/><\/figure><\/div>\n\n\n<p>Die Realit\u00e4t auf dem Land und die Gepflogenheiten bei der Gestaltung f\u00fchren dazu, dass die G\u00e4rten im Durchschnitt nicht mehr gr\u00f6\u00dfer als 500 m\u00b2 sind und schnell von der Terrasse, dem Pool, dem Trampolin usw. kannibalisiert werden. <strong>F\u00fcr den Gem\u00fcsegarten bleiben dann nur noch wenige Quadratmeter \u00fcbrig, was eine Selbstversorgung unm\u00f6glich macht.<\/strong><\/p>\n\n\n<div class=\"wp-block-image\">\n<figure class=\"alignright size-medium\"><img loading=\"lazy\" decoding=\"async\" width=\"300\" height=\"167\" src=\"https:\/\/www.myfood.eu\/wp-content\/uploads\/2024\/01\/Les-aleas-climatiques-DE-300x167.jpg\" alt=\"\" class=\"wp-image-268105\" srcset=\"\/wp-content\/uploads\/2024\/01\/Les-aleas-climatiques-DE-300x167.jpg 300w, \/wp-content\/uploads\/2024\/01\/Les-aleas-climatiques-DE-1024x569.jpg 1024w, \/wp-content\/uploads\/2024\/01\/Les-aleas-climatiques-DE-768x427.jpg 768w, \/wp-content\/uploads\/2024\/01\/Les-aleas-climatiques-DE-135x75.jpg 135w, \/wp-content\/uploads\/2024\/01\/Les-aleas-climatiques-DE-480x267.jpg 480w, \/wp-content\/uploads\/2024\/01\/Les-aleas-climatiques-DE.jpg 1080w\" sizes=\"auto, (max-width:767px) 300px, 300px\" \/><\/figure><\/div>\n\n\n<p>Die letzten Jahre haben uns leider mit <strong>einem Festival der unangenehmen Wetter\u00fcberraschungen<\/strong> f\u00fcr klassische Gem\u00fcseg\u00e4rten begl\u00fcckt: Hitzespitzen w\u00e4hrend der Ferienzeit, die die Ernte verbrennen, \u00fcberm\u00e4\u00dfiger Regen, der das Wachstum stoppt und Mehltau mit sich bringt, St\u00fcrme oder Hagelschlag, die die Kulturen zerst\u00f6ren, Sp\u00e4tfrost, etc.<\/p>\n\n\n\n<div style=\"height:20px\" aria-hidden=\"true\" class=\"wp-block-spacer\"><\/div>\n\n\n\n<p>Angesichts dieser Schwierigkeiten bietet Myfood ein unaufhaltsames Wertangebot als Antwort auf diese Schmerzpunkte: <\/p>\n\n\n\n<ul class=\"wp-block-list\">\n<li>Eine Ern\u00e4hrungsautonomie zwischen 60% und 80% mit nur 2 Stunden pro Woche f\u00fcr die Instandhaltung.<\/li>\n\n\n\n<li>Eine Gemeinschaft von Nutzern und professionellen Agronomen, die das Experiment unterst\u00fctzen.<\/li>\n\n\n\n<li>Ein Familiengew\u00e4chshaus von nur 22m\u00b2 dank der vertikalen Aquaponik-Kultur.<\/li>\n\n\n\n<li>Die Bew\u00e4ltigung von klimatischen Einschr\u00e4nkungen und ein ganzj\u00e4hriger Anbau in vier Jahreszeiten.<\/li>\n<\/ul>\n\n\n\n<p>Entdecken Sie <a href=\"https:\/\/myfood.eu\/de\/unsere-gewaechshaus\/gewaechshaus-innovativ\/\">das Family-Gew\u00e4chshaus<\/a> und warten Sie nicht l\u00e4nger, um endlich auch auf Ihrer individuellen Ebene Einfluss zu nehmen.<\/p>\n\n\n\n<div class=\"wp-block-buttons is-content-justification-center is-layout-flex wp-container-core-buttons-is-layout-2 wp-block-buttons-is-layout-flex\">\n<div class=\"wp-block-button has-custom-font-size\" style=\"font-size:18px\"><a class=\"wp-block-button__link has-white-color has-text-color has-background has-text-align-center wp-element-button\" href=\"https:\/\/myfood.pro.typeform.com\/pionier-de\" style=\"background-color:#2ea736\">Ich trete der Gemeinschaft bei<\/a><\/div>\n<\/div>\n\n\n\n<p><\/p>\n","protected":false},"excerpt":{"rendered":"<p>Am Anfang (vor fast 10 Jahren) wurde unser Projekt von einer Notwendigkeit und einer Vision angetrieben. Die, m\u00f6glichst viele B\u00fcrger wieder mit ihrer Ern\u00e4hrung zu verbinden<span class=\"excerpt-hellip\"> [\u2026]<\/span><\/p>\n","protected":false},"author":1,"featured_media":268031,"comment_status":"closed","ping_status":"closed","sticky":false,"template":"","format":"standard","meta":{"footnotes":""},"categories":[342],"tags":[139,110,30,31],"class_list":["post-268095","post","type-post","status-publish","format-standard","has-post-thumbnail","hentry","category-umwelt","tag-gartenarbeit","tag-gaertners","tag-gemuese","tag-gewaechshaus"],"yoast_head":"<!-- This site is optimized with the Yoast SEO plugin v24.7 - https:\/\/yoast.com\/wordpress\/plugins\/seo\/ -->\n<title>Warum Myfood?<\/title>\n<meta name=\"description\" content=\"Wenn Sie unserer Gemeinschaft beitreten, was k\u00f6nnen Sie bewirken? Wie k\u00f6nnen Sie die Schwierigkeiten l\u00f6sen, die Sie daran hindern, zu Hause selbst zu produzieren?\" \/>\n<meta name=\"robots\" content=\"index, follow, max-snippet:-1, max-image-preview:large, max-video-preview:-1\" \/>\n<link rel=\"canonical\" href=\"https:\/\/myfood.eu\/de\/2024\/01\/warum-myfood\/\" \/>\n<meta property=\"og:locale\" content=\"de_DE\" \/>\n<meta property=\"og:type\" content=\"article\" \/>\n<meta property=\"og:title\" content=\"Warum Myfood?\" \/>\n<meta property=\"og:description\" content=\"Wenn Sie unserer Gemeinschaft beitreten, was k\u00f6nnen Sie bewirken? Wie k\u00f6nnen Sie die Schwierigkeiten l\u00f6sen, die Sie daran hindern, zu Hause selbst zu produzieren?\" \/>\n<meta property=\"og:url\" content=\"https:\/\/myfood.eu\/de\/2024\/01\/warum-myfood\/\" \/>\n<meta property=\"og:site_name\" content=\"myfood - Serre innovante et Permaculture\" \/>\n<meta property=\"article:published_time\" content=\"2024-01-10T14:39:53+00:00\" \/>\n<meta property=\"article:modified_time\" content=\"2025-01-27T09:17:34+00:00\" \/>\n<meta property=\"og:image\" content=\"https:\/\/myfood.eu\/wp-content\/uploads\/2024\/01\/Pourquoi-Myfood.jpg\" \/>\n\t<meta property=\"og:image:width\" content=\"1611\" \/>\n\t<meta property=\"og:image:height\" content=\"1080\" \/>\n\t<meta property=\"og:image:type\" content=\"image\/jpeg\" \/>\n<meta name=\"author\" content=\"admin\" \/>\n<meta name=\"twitter:card\" content=\"summary_large_image\" \/>\n<meta name=\"twitter:creator\" content=\"@admin@myfood.eu\" \/>\n<meta name=\"twitter:label1\" content=\"Verfasst von\" \/>\n\t<meta name=\"twitter:data1\" content=\"admin\" \/>\n\t<meta name=\"twitter:label2\" content=\"Gesch\u00e4tzte Lesezeit\" \/>\n\t<meta name=\"twitter:data2\" content=\"8\u00a0Minuten\" \/>\n<script type=\"application\/ld+json\" class=\"yoast-schema-graph\">{\"@context\":\"https:\/\/schema.org\",\"@graph\":[{\"@type\":\"WebPage\",\"@id\":\"https:\/\/myfood.eu\/de\/2024\/01\/warum-myfood\/\",\"url\":\"https:\/\/myfood.eu\/de\/2024\/01\/warum-myfood\/\",\"name\":\"Warum Myfood?\",\"isPartOf\":{\"@id\":\"https:\/\/myfood.eu\/de\/#website\"},\"primaryImageOfPage\":{\"@id\":\"https:\/\/myfood.eu\/de\/2024\/01\/warum-myfood\/#primaryimage\"},\"image\":{\"@id\":\"https:\/\/myfood.eu\/de\/2024\/01\/warum-myfood\/#primaryimage\"},\"thumbnailUrl\":\"\/wp-content\/uploads\/2024\/01\/Pourquoi-Myfood.jpg\",\"datePublished\":\"2024-01-10T14:39:53+00:00\",\"dateModified\":\"2025-01-27T09:17:34+00:00\",\"author\":{\"@id\":\"https:\/\/myfood.eu\/de\/#\/schema\/person\/66baf1e5a9518dc0cf5050e34a6759bd\"},\"description\":\"Wenn Sie unserer Gemeinschaft beitreten, was k\u00f6nnen Sie bewirken? Wie k\u00f6nnen Sie die Schwierigkeiten l\u00f6sen, die Sie daran hindern, zu Hause selbst zu produzieren?\",\"breadcrumb\":{\"@id\":\"https:\/\/myfood.eu\/de\/2024\/01\/warum-myfood\/#breadcrumb\"},\"inLanguage\":\"de\",\"potentialAction\":[{\"@type\":\"ReadAction\",\"target\":[\"https:\/\/myfood.eu\/de\/2024\/01\/warum-myfood\/\"]}]},{\"@type\":\"ImageObject\",\"inLanguage\":\"de\",\"@id\":\"https:\/\/myfood.eu\/de\/2024\/01\/warum-myfood\/#primaryimage\",\"url\":\"\/wp-content\/uploads\/2024\/01\/Pourquoi-Myfood.jpg\",\"contentUrl\":\"\/wp-content\/uploads\/2024\/01\/Pourquoi-Myfood.jpg\",\"width\":1611,\"height\":1080,\"caption\":\"Communaut\u00e9 Myfood\"},{\"@type\":\"BreadcrumbList\",\"@id\":\"https:\/\/myfood.eu\/de\/2024\/01\/warum-myfood\/#breadcrumb\",\"itemListElement\":[{\"@type\":\"ListItem\",\"position\":1,\"name\":\"Home\",\"item\":\"https:\/\/myfood.eu\/de\/\"},{\"@type\":\"ListItem\",\"position\":2,\"name\":\"Warum Myfood?\"}]},{\"@type\":\"WebSite\",\"@id\":\"https:\/\/myfood.eu\/de\/#website\",\"url\":\"https:\/\/myfood.eu\/de\/\",\"name\":\"myfood - Serre innovante et Permaculture\",\"description\":\"Se reconnecter \u00e0 son alimentation\",\"potentialAction\":[{\"@type\":\"SearchAction\",\"target\":{\"@type\":\"EntryPoint\",\"urlTemplate\":\"https:\/\/myfood.eu\/de\/?s={search_term_string}\"},\"query-input\":{\"@type\":\"PropertyValueSpecification\",\"valueRequired\":true,\"valueName\":\"search_term_string\"}}],\"inLanguage\":\"de\"},{\"@type\":\"Person\",\"@id\":\"https:\/\/myfood.eu\/de\/#\/schema\/person\/66baf1e5a9518dc0cf5050e34a6759bd\",\"name\":\"admin\",\"image\":{\"@type\":\"ImageObject\",\"inLanguage\":\"de\",\"@id\":\"https:\/\/myfood.eu\/de\/#\/schema\/person\/image\/\",\"url\":\"https:\/\/secure.gravatar.com\/avatar\/ad33338237077d3cb1a62a1997e5bf78?s=96&d=mm&r=g\",\"contentUrl\":\"https:\/\/secure.gravatar.com\/avatar\/ad33338237077d3cb1a62a1997e5bf78?s=96&d=mm&r=g\",\"caption\":\"admin\"},\"sameAs\":[\"https:\/\/myfood.eu\",\"https:\/\/x.com\/admin@myfood.eu\"],\"url\":\"https:\/\/myfood.eu\/de\/author\/admin\/\"}]}<\/script>\n<!-- \/ Yoast SEO plugin. -->","yoast_head_json":{"title":"Warum Myfood?","description":"Wenn Sie unserer Gemeinschaft beitreten, was k\u00f6nnen Sie bewirken? Wie k\u00f6nnen Sie die Schwierigkeiten l\u00f6sen, die Sie daran hindern, zu Hause selbst zu produzieren?","robots":{"index":"index","follow":"follow","max-snippet":"max-snippet:-1","max-image-preview":"max-image-preview:large","max-video-preview":"max-video-preview:-1"},"canonical":"https:\/\/myfood.eu\/de\/2024\/01\/warum-myfood\/","og_locale":"de_DE","og_type":"article","og_title":"Warum Myfood?","og_description":"Wenn Sie unserer Gemeinschaft beitreten, was k\u00f6nnen Sie bewirken? Wie k\u00f6nnen Sie die Schwierigkeiten l\u00f6sen, die Sie daran hindern, zu Hause selbst zu produzieren?","og_url":"https:\/\/myfood.eu\/de\/2024\/01\/warum-myfood\/","og_site_name":"myfood - Serre innovante et Permaculture","article_published_time":"2024-01-10T14:39:53+00:00","article_modified_time":"2025-01-27T09:17:34+00:00","og_image":[{"width":1611,"height":1080,"url":"https:\/\/myfood.eu\/wp-content\/uploads\/2024\/01\/Pourquoi-Myfood.jpg","type":"image\/jpeg"}],"author":"admin","twitter_card":"summary_large_image","twitter_creator":"@admin@myfood.eu","twitter_misc":{"Verfasst von":"admin","Gesch\u00e4tzte Lesezeit":"8\u00a0Minuten"},"schema":{"@context":"https:\/\/schema.org","@graph":[{"@type":"WebPage","@id":"https:\/\/myfood.eu\/de\/2024\/01\/warum-myfood\/","url":"https:\/\/myfood.eu\/de\/2024\/01\/warum-myfood\/","name":"Warum Myfood?","isPartOf":{"@id":"https:\/\/myfood.eu\/de\/#website"},"primaryImageOfPage":{"@id":"https:\/\/myfood.eu\/de\/2024\/01\/warum-myfood\/#primaryimage"},"image":{"@id":"https:\/\/myfood.eu\/de\/2024\/01\/warum-myfood\/#primaryimage"},"thumbnailUrl":"\/wp-content\/uploads\/2024\/01\/Pourquoi-Myfood.jpg","datePublished":"2024-01-10T14:39:53+00:00","dateModified":"2025-01-27T09:17:34+00:00","author":{"@id":"https:\/\/myfood.eu\/de\/#\/schema\/person\/66baf1e5a9518dc0cf5050e34a6759bd"},"description":"Wenn Sie unserer Gemeinschaft beitreten, was k\u00f6nnen Sie bewirken? Wie k\u00f6nnen Sie die Schwierigkeiten l\u00f6sen, die Sie daran hindern, zu Hause selbst zu produzieren?","breadcrumb":{"@id":"https:\/\/myfood.eu\/de\/2024\/01\/warum-myfood\/#breadcrumb"},"inLanguage":"de","potentialAction":[{"@type":"ReadAction","target":["https:\/\/myfood.eu\/de\/2024\/01\/warum-myfood\/"]}]},{"@type":"ImageObject","inLanguage":"de","@id":"https:\/\/myfood.eu\/de\/2024\/01\/warum-myfood\/#primaryimage","url":"\/wp-content\/uploads\/2024\/01\/Pourquoi-Myfood.jpg","contentUrl":"\/wp-content\/uploads\/2024\/01\/Pourquoi-Myfood.jpg","width":1611,"height":1080,"caption":"Communaut\u00e9 Myfood"},{"@type":"BreadcrumbList","@id":"https:\/\/myfood.eu\/de\/2024\/01\/warum-myfood\/#breadcrumb","itemListElement":[{"@type":"ListItem","position":1,"name":"Home","item":"https:\/\/myfood.eu\/de\/"},{"@type":"ListItem","position":2,"name":"Warum Myfood?"}]},{"@type":"WebSite","@id":"https:\/\/myfood.eu\/de\/#website","url":"https:\/\/myfood.eu\/de\/","name":"myfood - Serre innovante et Permaculture","description":"Se reconnecter \u00e0 son alimentation","potentialAction":[{"@type":"SearchAction","target":{"@type":"EntryPoint","urlTemplate":"https:\/\/myfood.eu\/de\/?s={search_term_string}"},"query-input":{"@type":"PropertyValueSpecification","valueRequired":true,"valueName":"search_term_string"}}],"inLanguage":"de"},{"@type":"Person","@id":"https:\/\/myfood.eu\/de\/#\/schema\/person\/66baf1e5a9518dc0cf5050e34a6759bd","name":"admin","image":{"@type":"ImageObject","inLanguage":"de","@id":"https:\/\/myfood.eu\/de\/#\/schema\/person\/image\/","url":"https:\/\/secure.gravatar.com\/avatar\/ad33338237077d3cb1a62a1997e5bf78?s=96&d=mm&r=g","contentUrl":"https:\/\/secure.gravatar.com\/avatar\/ad33338237077d3cb1a62a1997e5bf78?s=96&d=mm&r=g","caption":"admin"},"sameAs":["https:\/\/myfood.eu","https:\/\/x.com\/admin@myfood.eu"],"url":"https:\/\/myfood.eu\/de\/author\/admin\/"}]}},"_links":{"self":[{"href":"https:\/\/myfood.eu\/de\/wp-json\/wp\/v2\/posts\/268095","targetHints":{"allow":["GET"]}}],"collection":[{"href":"https:\/\/myfood.eu\/de\/wp-json\/wp\/v2\/posts"}],"about":[{"href":"https:\/\/myfood.eu\/de\/wp-json\/wp\/v2\/types\/post"}],"author":[{"embeddable":true,"href":"https:\/\/myfood.eu\/de\/wp-json\/wp\/v2\/users\/1"}],"replies":[{"embeddable":true,"href":"https:\/\/myfood.eu\/de\/wp-json\/wp\/v2\/comments?post=268095"}],"version-history":[{"count":0,"href":"https:\/\/myfood.eu\/de\/wp-json\/wp\/v2\/posts\/268095\/revisions"}],"wp:featuredmedia":[{"embeddable":true,"href":"https:\/\/myfood.eu\/de\/wp-json\/wp\/v2\/media\/268031"}],"wp:attachment":[{"href":"https:\/\/myfood.eu\/de\/wp-json\/wp\/v2\/media?parent=268095"}],"wp:term":[{"taxonomy":"category","embeddable":true,"href":"https:\/\/myfood.eu\/de\/wp-json\/wp\/v2\/categories?post=268095"},{"taxonomy":"post_tag","embeddable":true,"href":"https:\/\/myfood.eu\/de\/wp-json\/wp\/v2\/tags?post=268095"}],"curies":[{"name":"wp","href":"https:\/\/api.w.org\/{rel}","templated":true}]}}