{"id":268445,"date":"2024-03-06T14:44:57","date_gmt":"2024-03-06T13:44:57","guid":{"rendered":"https:\/\/www.myfood.eu\/?p=268445"},"modified":"2025-01-27T09:18:37","modified_gmt":"2025-01-27T09:18:37","slug":"wie-kann-man-die-ausstattungen-des-gewaechshauses-auswaehlen","status":"publish","type":"post","link":"https:\/\/myfood.eu\/de\/2024\/03\/wie-kann-man-die-ausstattungen-des-gewaechshauses-auswaehlen\/","title":{"rendered":"Wie w\u00e4hlt man die richtige Ausstattung f\u00fcr sein Gew\u00e4chshaus?"},"content":{"rendered":"\n<p>Der Fr\u00fchling ist fast da und sicher spriessen auch bei Ihnen die Ideen und W\u00fcnsche f\u00fcr die bevorstehende neue Anbausaison. Ob Sie nun ein Hobbyg\u00e4rtner oder ein Profi auf der Suche nach Effizienz sind, die Wahl der Ausstattung Ihres Gew\u00e4chshauses ist ein entscheidender Schritt, der Ihre Erfahrungen mit dem Gew\u00e4chshausanbau ver\u00e4ndern kann. In diesem Artikel f\u00fchren wir Sie durch den Prozess <strong>der Auswahl der Module<\/strong> f\u00fcr Ihr Myfood-Familiengew\u00e4chshaus mit Schwerpunkt auf unserem <strong>Family-Modell<\/strong>, um Ihnen zu helfen, eine fundierte und relevante Wahl f\u00fcr Ihre speziellen Bed\u00fcrfnisse zu treffen. <\/p>\n\n\n\n<p>Nehmen Sie einen Stift \ud83d\udd8a\ufe0f, wir werden gemeinsam Ihr Gew\u00e4chshaus entwerfen!<\/p>\n\n\n\n<figure class=\"wp-block-image size-large is-resized\"><img decoding=\"async\" src=\"https:\/\/myfood.eu\/wp-content\/uploads\/2024\/03\/20210720_183136-1024x570.jpg\" alt=\"\" class=\"wp-image-268394\" style=\"width:840px;height:undefinedpx\"\/><figcaption class=\"wp-element-caption\"><em><em>Die richtige Wahl der Ausr\u00fcstung f\u00fcr einen erfolgreichen Anbau in Ihrem Gartengew\u00e4chshaus!<\/em><\/em><\/figcaption><\/figure>\n\n\n\n<div style=\"height:30px\" aria-hidden=\"true\" class=\"wp-block-spacer\"><\/div>\n\n\n\n<h2 class=\"wp-block-heading\">Die richtigen Fragen, die Sie sich stellen sollten:<\/h2>\n\n\n\n<h3 class=\"wp-block-heading\">Produktiv oder entspannt? &nbsp;<\/h3>\n\n\n\n<p>Die Entscheidung f\u00fcr eine <strong>produktivistische Ausrichtung<\/strong> maximiert den Raum f\u00fcr den Anbau mit einer gro\u00dfen Anzahl von <a href=\"https:\/\/wiki.myfood.eu\/docs\/les-modules-personnalis%C3%A9s#module-perma\">Permakulturbeh\u00e4ltern<\/a> (bis zu 7 im Gew\u00e4chshaus) in Kombination mit <a href=\"https:\/\/wiki.myfood.eu\/docs\/mod%C3%A8le-family\">den beiden Aquaponik-Becken<\/a>. Es werden auch Anzuchtt\u00f6pfe f\u00fcr Knollenfr\u00fcchte hinzugef\u00fcgt, wodurch der Ertrag und die Vielfalt der Produktion im Vordergrund stehen. Diese Einrichtung ist ideal f\u00fcr alle, die von reichen und vielf\u00e4ltigen Ernten tr\u00e4umen und jeden Quadratzentimeter in ein Wachstumspotenzial verwandeln. In diesem Sinne ist <a href=\"https:\/\/wiki.myfood.eu\/docs\/les-modules-personnalis%C3%A9s#module-3%C3%A8me-bassin\">das Modul 3. Becken mit seinen 32 Anbaut\u00fcrmen<\/a> auch dann empfehlenswert, wenn Sie sich einen kleinen Familienbetrieb w\u00fcnschen!<\/p>\n\n\n\n<p>In einem anderen Sinne l\u00e4dt das <strong>entspannungsorientierte<\/strong> Design zu einer anderen Art von Erfahrung ein. Hier ist der Raum nicht nur dem Anbau, sondern auch der Entspannung gewidmet. Der Eingang des Gew\u00e4chshauses \u00f6ffnet sich zu einem einladenden Raum, der durch <a href=\"https:\/\/wiki.myfood.eu\/docs\/les-modules-personnalis%C3%A9s#module-plancher-bois\">das Modul Holzboden<\/a> erg\u00e4nzt wird, das f\u00fcr diese warme Seite sorgt (und praktisch zum Fegen ist \ud83e\uddf9). <a href=\"https:\/\/wiki.myfood.eu\/docs\/les-modules-personnalis%C3%A9s#module-finition\">Das Modul Fertigstellung<\/a> und seine Regale tragen ebenfalls zur \u00c4sthetik des Raums bei und verwandeln ihn in einen Wohnraum, in dem Design und Natur harmonisch zusammenleben.<\/p>\n\n\n\n<figure class=\"wp-block-image size-large is-resized\"><img loading=\"lazy\" decoding=\"async\" width=\"838\" height=\"1024\" src=\"\/wp-content\/uploads\/2024\/03\/myfood_16-OK-431-1-838x1024.jpg\" alt=\"\" class=\"wp-image-268403\" style=\"width:400px\" srcset=\"\/wp-content\/uploads\/2024\/03\/myfood_16-OK-431-1-838x1024.jpg 838w, \/wp-content\/uploads\/2024\/03\/myfood_16-OK-431-1-246x300.jpg 246w, \/wp-content\/uploads\/2024\/03\/myfood_16-OK-431-1-768x938.jpg 768w, \/wp-content\/uploads\/2024\/03\/myfood_16-OK-431-1-61x75.jpg 61w, \/wp-content\/uploads\/2024\/03\/myfood_16-OK-431-1-480x586.jpg 480w\" sizes=\"auto, (max-width:767px) 480px, (max-width:838px) 100vw, 838px\" \/><figcaption class=\"wp-element-caption\"><em><em>Das Gew\u00e4chshaus als Lebensraum gestalten<\/em><\/em><\/figcaption><\/figure>\n\n\n\n<div style=\"height:20px\" aria-hidden=\"true\" class=\"wp-block-spacer\"><\/div>\n\n\n\n<h3 class=\"wp-block-heading\">Welches Ziel haben Autonomie und Vielfalt?<\/h3>\n\n\n\n<p>Wenn Sie lediglich eine <strong>zus\u00e4tzliche Ern\u00e4hrung<\/strong> w\u00fcnschen oder Ihre Anbaubem\u00fchungen auf einige wenige Sorten konzentrieren m\u00f6chten, wird das Aquaponiksystem des Gew\u00e4chshauses <a href=\"https:\/\/wiki.myfood.eu\/docs\/mod%C3%A8le-family\">Family22<\/a> mit 16 Anbaut\u00fcrmen geliefert, was ideal ist, um eine Familie mit 2 bis 3 Personen zu ern\u00e4hren, idealerweise mit <a href=\"https:\/\/wiki.myfood.eu\/docs\/les-modules-personnalis%C3%A9s#module-perma\">dem Perma-Modul<\/a>, das das Gew\u00e4chshaus mit 5 selbstbew\u00e4ssernden Anbautanks f\u00fcr Wurzelgem\u00fcse und\/oder Gem\u00fcse mit gro\u00dfem Umfang (Ochsenherztomaten, Zucchini usw.) ausstattet.<\/p>\n\n\n\n<p>Wenn <strong>Sie sich unabh\u00e4ngig ern\u00e4hren m\u00f6chten<\/strong>, um einen vollen und vielf\u00e4ltigen Familienkorb zu erhalten, sollten Sie sich f\u00fcr einige zus\u00e4tzliche Ausstattungen entscheiden:<\/p>\n\n\n\n<ul class=\"wp-block-list\">\n<li><a href=\"https:\/\/wiki.myfood.eu\/docs\/les-modules-personnalis%C3%A9s#module-extension\">Das Erweiterungsmodul<\/a> erweitert Ihre Aquaponik-Kapazit\u00e4t auf 24 vertikale T\u00fcrme. Dadurch wird der Ertrag pro <strong>Quadratmeter maximiert<\/strong>. Sie k\u00f6nnen auch mit 16 T\u00fcrmen beginnen und das Modul sp\u00e4ter Schritt f\u00fcr Schritt hinzuf\u00fcgen.<\/li>\n\n\n\n<li><a href=\"https:\/\/wiki.myfood.eu\/docs\/les-modules-personnalis%C3%A9s#module-3%C3%A8me-bassin\">Das Modul 3. Becken<\/a> f\u00fcr <strong>Gro\u00dffamilien<\/strong> mit 36 Anbaut\u00fcrmen.<\/li>\n\n\n\n<li><a href=\"https:\/\/wiki.myfood.eu\/docs\/les-modules-personnalis%C3%A9s#module-micro-pousses\">Das Modul Microgreens<\/a> und <a href=\"https:\/\/wiki.myfood.eu\/docs\/les-modules-personnalis%C3%A9s#module-spiruline\">das Modul Spirulina<\/a> sind ein unumg\u00e4nglicher Gesundheitsvorteil, um <strong>Vitamine auf Ihren Teller<\/strong> zu bringen.<\/li>\n\n\n\n<li>Und wenn Sie Ihre Produktivit\u00e4t im Winter steigern wollen oder <strong>ein Lichtdefizit haben<\/strong>, wird das <a href=\"https:\/\/wiki.myfood.eu\/docs\/les-modules-personnalis%C3%A9s#module-eclairage\">Beleuchtungsmodul<\/a> dieses Problem l\u00f6sen.<\/li>\n<\/ul>\n\n\n\n<p><\/p>\n\n\n\n<h3 class=\"wp-block-heading\">Marseille oder Meg\u00e8ve: Welche klimatischen Bedingungen?<\/h3>\n\n\n\n<p>Entgegen der landl\u00e4ufigen Meinung hat das Gew\u00e4chshaus nicht nur die Funktion, vor K\u00e4lte zu sch\u00fctzen, sondern es sch\u00fctzt generell vor klimatischen Unw\u00e4gbarkeiten im Allgemeinen (Hitze, zu viel Sonne, K\u00e4lte, Wind, Hagel, Schnee usw.). Das Gew\u00e4chshaus erm\u00f6glicht es, Temperaturschwankungen zu gl\u00e4tten, die Anbauzeit zu verl\u00e4ngern und die Ertr\u00e4ge zu steigern.<\/p>\n\n\n\n<p>Je nach <strong>Standort<\/strong> sind jedoch <strong>Anpassungen erforderlich<\/strong>.<\/p>\n\n\n\n<p>Im <strong>Sommer<\/strong> und in <strong>hei\u00dfen Klimazonen<\/strong> wird ein professionelles Schattiertuch dringend empfohlen, auch wenn das Gew\u00e4chshaus bereits mit <a href=\"https:\/\/acd.eu\/en\/greenhouses\/innovative-strong-durable\/14-hammered-safety-glass-of-4-mm-in-the-roof\/\">Hammerschlagglas<\/a> gedeckt ist. Das Schattiergewebe begrenzt den Treibhauseffekt und l\u00e4sst gleichzeitig das Licht durch. W\u00e4hlen Sie dazu <a href=\"https:\/\/wiki.myfood.eu\/docs\/les-modules-personnalis%C3%A9s#module-confort\">das Komfort-Modul<\/a>, das ebenfalls mit einer doppelten Vorder- und Hintert\u00fcr und Platten zur Beschattung der Teiche ausgestattet ist.<\/p>\n\n\n\n<p>Da wir uns an den Klimawandel und die <strong>hohen Temperaturen<\/strong> anpassen m\u00fcssen, hat Myfood vor kurzem <a href=\"https:\/\/wiki.myfood.eu\/docs\/les-modules-personnalis%C3%A9s#module-%C3%A9t%C3%A9\">das Sommermodul<\/a> entwickelt, das einen integrierten automatischen Nebler, ein seitliches Schattiergewebe auf der S\u00fcdseite und abnehmbare Fliegengitter umfasst. Wenn Sie sich in einer hei\u00dfen Region befinden, sollten Sie sich diese Ausstattung nicht entgehen lassen!<\/p>\n\n\n\n<figure class=\"wp-block-image size-large\"><img decoding=\"async\" src=\"https:\/\/files.readme.io\/6b24624-equipement-ete-family.jpg\" alt=\"\"\/><figcaption class=\"wp-element-caption\"><em>Mit einem seitlichen Sonnensegel und einem automatischen Nebler kann der Sommer kommen!<\/em><\/figcaption><\/figure>\n\n\n\n<p>Umgekehrt, in <strong>kalten Klimazonen<\/strong> oder in H\u00f6henlagen (oder einfach, um Komfort zu bieten, wenn Sie im Winter anbauen), ist <a href=\"https:\/\/wiki.myfood.eu\/docs\/les-modules-personnalis%C3%A9s#module-hiver\">das Wintermodul<\/a> ein integrierter Pelletofen, der Ihre Kulturen in Frostperioden sichert und die Feuchtigkeit begrenzt, die die Helligkeit beeintr\u00e4chtigt. Dieses Modul ist ideal als Erg\u00e4nzung zum LED-Beleuchtungsmodul f\u00fcr den Gartenbau, um in den n\u00f6rdlichen Regionen eine unabh\u00e4ngige Ern\u00e4hrung anzustreben.<\/p>\n\n\n\n<p>F\u00fcr diejenigen, die beim <strong>Wintermanagement<\/strong> einen Kompromiss eingehen m\u00f6chten, wird <a href=\"https:\/\/wiki.myfood.eu\/docs\/les-modules-personnalis%C3%A9s#module-isolation\">das Modul Isolierung<\/a> mit Polycarbonatplatten zur Isolierung der Nordseite (bessere Tr\u00e4gheit) und Heizst\u00e4ben kombiniert, um das Wasser in den Teichen auf der richtigen Temperatur zu halten. Dies gilt nicht nur f\u00fcr die Fische, sondern auch f\u00fcr die Wurzeln der Pflanzen.<\/p>\n\n\n\n<h3 class=\"wp-block-heading\">Auf dem Weg zu welcher Energieautonomie?<\/h3>\n\n\n\n<p>Der letzte Aspekt, den es zu ber\u00fccksichtigen gilt, sind die Ressourcen (Energie und Wasser). Die Aquaponik hat den gro\u00dfen Vorteil, dass sie eine sehr energie- und wassersparende Kultur ist (weniger als 70W im Dauerbetrieb, das entspricht einer gro\u00dfen Gl\u00fchbirne! und 90% weniger Wasser als Gartenarbeit).<\/p>\n\n\n\n<p>Wenn Sie Ihr Gew\u00e4chshaus aus Gr\u00fcnden, <strong>die mit Ihrem Lebensraum zu tun haben, elektrisch unabh\u00e4ngiger machen wollen<\/strong>, weil Sie keinen Zugang zu Strom haben oder h\u00e4ufig Stromausf\u00e4lle haben, ist <a href=\"https:\/\/wiki.myfood.eu\/docs\/les-modules-personnalis%C3%A9s#module-solaire\">das Solarmodul<\/a> daf\u00fcr gedacht. Diese Innovation ist einzigartig bei Myfood, da sie halbtransparente Paneele direkt in ihre Struktur integriert, mit einer Schaltung ohne Wechselrichter (24-V-Sicherheitsstrom f\u00fcr Pumpe, Blubberpumpe usw.) und einem Paar Batterien. Je nach Exposition und Region k\u00f6nnen Sie den Bedarf potenziell decken. <em>Soweit m\u00f6glich werden wir aber immer empfehlen, die Anlage trotzdem an das Stromnetz anzuschlie\u00dfen.<\/em><\/p>\n\n\n\n<figure class=\"wp-block-image size-large is-resized\"><img decoding=\"async\" src=\"https:\/\/files.readme.io\/15f4c11-small-Module_solaire.jpg\" alt=\"\" style=\"width:500px\"\/><figcaption class=\"wp-element-caption\"><em><em>Halbtransparente Solarmodule aus geh\u00e4rtetem Glas.<\/em><\/em><\/figcaption><\/figure>\n\n\n\n<p>Da der Umgang mit Wasser eine strategische Herausforderung darstellt, kann das Myfood-Gew\u00e4chshaus mit einem Paar Regenwassersammlern ausgestattet werden. Die Aluminiumrinne des Gew\u00e4chshauses bietet bereits die M\u00f6glichkeit, Wasser zu sammeln, und der Anschluss <a href=\"https:\/\/wiki.myfood.eu\/docs\/les-modules-personnalis%C3%A9s#module-r%C3%A9cup%C3%A9rateurs-deau\">des Wassersammler-Moduls<\/a> erm\u00f6glicht die Speicherung von 2 x 300 Litern, ideal f\u00fcr Aquaponik. Diese Ausr\u00fcstung ist besonders empfehlenswert, wenn Ihr Leitungswasser stark mineralisiert ist (hohe H\u00e4rte).<\/p>\n\n\n\n<h2 class=\"wp-block-heading\">Ein modularer Ansatz<\/h2>\n\n\n\n<p>Das Myfood-Konzept basiert auf einem innovativen und nachhaltigen Ansatz f\u00fcr die st\u00e4dtische und famili\u00e4re Landwirtschaft. Die Gew\u00e4chsh\u00e4user sind so konzipiert, dass sie nicht nur produktiv und umweltfreundlich, sondern auch vollst\u00e4ndig modular aufgebaut sind. <strong>Diese Modularit\u00e4t<\/strong> erm\u00f6glicht eine Anpassung im Laufe der Zeit und <strong>eine Streckung der Investition<\/strong> entsprechend Ihrer finanziellen M\u00f6glichkeiten. Denken Sie daran, dass alle Module nach einer Installation hinzugef\u00fcgt werden k\u00f6nnen, au\u00dfer dem Modul Fertigstellung nat\u00fcrlich, denn wir werden Ihnen keine Spr\u00fchdose f\u00fcr die Lackierung schicken \ud83d\ude1c.<\/p>\n\n\n\n<p>F\u00fcr weitere Informationen zu den Modulen und Optionen des Gew\u00e4chshauses empfehlen wir Ihnen schlie\u00dflich, unser <a href=\"https:\/\/myfood.eu\/wp-content\/MYFOOD-PRICING-2024-DE.pdf\">Preisangebot 2024<\/a> zu studieren.<\/p>\n\n\n\n<div class=\"wp-block-buttons is-content-justification-center is-layout-flex wp-container-core-buttons-is-layout-1 wp-block-buttons-is-layout-flex\">\n<div class=\"wp-block-button has-custom-font-size\" style=\"font-size:18px\"><a class=\"wp-block-button__link has-white-color has-text-color has-background has-text-align-center wp-element-button\" href=\"https:\/\/myfood.pro.typeform.com\/pionier-de\" style=\"background-color:#2ea736\">Ich w\u00fcnsche ein Angebot f\u00fcr ein Gew\u00e4chshaus.<\/a><\/div>\n<\/div>\n\n\n\n<p><\/p>\n","protected":false},"excerpt":{"rendered":"<p>Der Fr\u00fchling ist fast da und sicher spriessen auch bei Ihnen die Ideen und W\u00fcnsche f\u00fcr die bevorstehende neue Anbausaison. Ob Sie nun ein Hobbyg\u00e4rtner oder<span class=\"excerpt-hellip\"> [\u2026]<\/span><\/p>\n","protected":false},"author":1,"featured_media":268397,"comment_status":"closed","ping_status":"closed","sticky":false,"template":"","format":"standard","meta":{"footnotes":""},"categories":[344],"tags":[110,30,31,33,34],"class_list":["post-268445","post","type-post","status-publish","format-standard","has-post-thumbnail","hentry","category-anbaumethoden","tag-gaertners","tag-gemuese","tag-gewaechshaus","tag-kulturen","tag-obst"],"yoast_head":"<!-- This site is optimized with the Yoast SEO plugin v24.7 - https:\/\/yoast.com\/wordpress\/plugins\/seo\/ -->\n<title>Wie w\u00e4hlt man die richtige Ausstattung f\u00fcr sein Gew\u00e4chshaus?<\/title>\n<meta name=\"description\" content=\"Produktivit\u00e4t oder Entspannung, Klimamanagement, Autonomie, wie man die Ausstattung seines Gew\u00e4chshauses ausw\u00e4hlt, um sich f\u00fcr die richtigen Module zu entscheiden.\" \/>\n<meta name=\"robots\" content=\"index, follow, max-snippet:-1, max-image-preview:large, max-video-preview:-1\" \/>\n<link rel=\"canonical\" href=\"https:\/\/myfood.eu\/de\/2024\/03\/wie-kann-man-die-ausstattungen-des-gewaechshauses-auswaehlen\/\" \/>\n<meta property=\"og:locale\" content=\"de_DE\" \/>\n<meta property=\"og:type\" content=\"article\" \/>\n<meta property=\"og:title\" content=\"Wie w\u00e4hlt man die richtige Ausstattung f\u00fcr sein Gew\u00e4chshaus?\" \/>\n<meta property=\"og:description\" content=\"Produktivit\u00e4t oder Entspannung, Klimamanagement, Autonomie, wie man die Ausstattung seines Gew\u00e4chshauses ausw\u00e4hlt, um sich f\u00fcr die richtigen Module zu entscheiden.\" \/>\n<meta property=\"og:url\" content=\"https:\/\/myfood.eu\/de\/2024\/03\/wie-kann-man-die-ausstattungen-des-gewaechshauses-auswaehlen\/\" \/>\n<meta property=\"og:site_name\" content=\"myfood - Serre innovante et Permaculture\" \/>\n<meta property=\"article:published_time\" content=\"2024-03-06T13:44:57+00:00\" \/>\n<meta property=\"article:modified_time\" content=\"2025-01-27T09:18:37+00:00\" \/>\n<meta property=\"og:image\" content=\"https:\/\/myfood.eu\/wp-content\/uploads\/2024\/03\/20210720_183136-1-scaled-1.jpg\" \/>\n\t<meta property=\"og:image:width\" content=\"2560\" \/>\n\t<meta property=\"og:image:height\" content=\"1426\" \/>\n\t<meta property=\"og:image:type\" content=\"image\/jpeg\" \/>\n<meta name=\"author\" content=\"admin\" \/>\n<meta name=\"twitter:card\" content=\"summary_large_image\" \/>\n<meta name=\"twitter:creator\" content=\"@admin@myfood.eu\" \/>\n<meta name=\"twitter:label1\" content=\"Verfasst von\" \/>\n\t<meta name=\"twitter:data1\" content=\"admin\" \/>\n\t<meta name=\"twitter:label2\" content=\"Gesch\u00e4tzte Lesezeit\" \/>\n\t<meta name=\"twitter:data2\" content=\"9\u00a0Minuten\" \/>\n<script type=\"application\/ld+json\" class=\"yoast-schema-graph\">{\"@context\":\"https:\/\/schema.org\",\"@graph\":[{\"@type\":\"WebPage\",\"@id\":\"https:\/\/myfood.eu\/de\/2024\/03\/wie-kann-man-die-ausstattungen-des-gewaechshauses-auswaehlen\/\",\"url\":\"https:\/\/myfood.eu\/de\/2024\/03\/wie-kann-man-die-ausstattungen-des-gewaechshauses-auswaehlen\/\",\"name\":\"Wie w\u00e4hlt man die richtige Ausstattung f\u00fcr sein Gew\u00e4chshaus?\",\"isPartOf\":{\"@id\":\"https:\/\/myfood.eu\/de\/#website\"},\"primaryImageOfPage\":{\"@id\":\"https:\/\/myfood.eu\/de\/2024\/03\/wie-kann-man-die-ausstattungen-des-gewaechshauses-auswaehlen\/#primaryimage\"},\"image\":{\"@id\":\"https:\/\/myfood.eu\/de\/2024\/03\/wie-kann-man-die-ausstattungen-des-gewaechshauses-auswaehlen\/#primaryimage\"},\"thumbnailUrl\":\"\/wp-content\/uploads\/2024\/03\/20210720_183136-1-scaled-1.jpg\",\"datePublished\":\"2024-03-06T13:44:57+00:00\",\"dateModified\":\"2025-01-27T09:18:37+00:00\",\"author\":{\"@id\":\"https:\/\/myfood.eu\/de\/#\/schema\/person\/66baf1e5a9518dc0cf5050e34a6759bd\"},\"description\":\"Produktivit\u00e4t oder Entspannung, Klimamanagement, Autonomie, wie man die Ausstattung seines Gew\u00e4chshauses ausw\u00e4hlt, um sich f\u00fcr die richtigen Module zu entscheiden.\",\"breadcrumb\":{\"@id\":\"https:\/\/myfood.eu\/de\/2024\/03\/wie-kann-man-die-ausstattungen-des-gewaechshauses-auswaehlen\/#breadcrumb\"},\"inLanguage\":\"de\",\"potentialAction\":[{\"@type\":\"ReadAction\",\"target\":[\"https:\/\/myfood.eu\/de\/2024\/03\/wie-kann-man-die-ausstattungen-des-gewaechshauses-auswaehlen\/\"]}]},{\"@type\":\"ImageObject\",\"inLanguage\":\"de\",\"@id\":\"https:\/\/myfood.eu\/de\/2024\/03\/wie-kann-man-die-ausstattungen-des-gewaechshauses-auswaehlen\/#primaryimage\",\"url\":\"\/wp-content\/uploads\/2024\/03\/20210720_183136-1-scaled-1.jpg\",\"contentUrl\":\"\/wp-content\/uploads\/2024\/03\/20210720_183136-1-scaled-1.jpg\",\"width\":2560,\"height\":1426,\"caption\":\"\u00e9quipements serre\"},{\"@type\":\"BreadcrumbList\",\"@id\":\"https:\/\/myfood.eu\/de\/2024\/03\/wie-kann-man-die-ausstattungen-des-gewaechshauses-auswaehlen\/#breadcrumb\",\"itemListElement\":[{\"@type\":\"ListItem\",\"position\":1,\"name\":\"Home\",\"item\":\"https:\/\/myfood.eu\/de\/\"},{\"@type\":\"ListItem\",\"position\":2,\"name\":\"Wie w\u00e4hlt man die richtige Ausstattung f\u00fcr sein Gew\u00e4chshaus?\"}]},{\"@type\":\"WebSite\",\"@id\":\"https:\/\/myfood.eu\/de\/#website\",\"url\":\"https:\/\/myfood.eu\/de\/\",\"name\":\"myfood - Serre innovante et Permaculture\",\"description\":\"Se reconnecter \u00e0 son alimentation\",\"potentialAction\":[{\"@type\":\"SearchAction\",\"target\":{\"@type\":\"EntryPoint\",\"urlTemplate\":\"https:\/\/myfood.eu\/de\/?s={search_term_string}\"},\"query-input\":{\"@type\":\"PropertyValueSpecification\",\"valueRequired\":true,\"valueName\":\"search_term_string\"}}],\"inLanguage\":\"de\"},{\"@type\":\"Person\",\"@id\":\"https:\/\/myfood.eu\/de\/#\/schema\/person\/66baf1e5a9518dc0cf5050e34a6759bd\",\"name\":\"admin\",\"image\":{\"@type\":\"ImageObject\",\"inLanguage\":\"de\",\"@id\":\"https:\/\/myfood.eu\/de\/#\/schema\/person\/image\/\",\"url\":\"https:\/\/secure.gravatar.com\/avatar\/ad33338237077d3cb1a62a1997e5bf78?s=96&d=mm&r=g\",\"contentUrl\":\"https:\/\/secure.gravatar.com\/avatar\/ad33338237077d3cb1a62a1997e5bf78?s=96&d=mm&r=g\",\"caption\":\"admin\"},\"sameAs\":[\"https:\/\/myfood.eu\",\"https:\/\/x.com\/admin@myfood.eu\"],\"url\":\"https:\/\/myfood.eu\/de\/author\/admin\/\"}]}<\/script>\n<!-- \/ Yoast SEO plugin. -->","yoast_head_json":{"title":"Wie w\u00e4hlt man die richtige Ausstattung f\u00fcr sein Gew\u00e4chshaus?","description":"Produktivit\u00e4t oder Entspannung, Klimamanagement, Autonomie, wie man die Ausstattung seines Gew\u00e4chshauses ausw\u00e4hlt, um sich f\u00fcr die richtigen Module zu entscheiden.","robots":{"index":"index","follow":"follow","max-snippet":"max-snippet:-1","max-image-preview":"max-image-preview:large","max-video-preview":"max-video-preview:-1"},"canonical":"https:\/\/myfood.eu\/de\/2024\/03\/wie-kann-man-die-ausstattungen-des-gewaechshauses-auswaehlen\/","og_locale":"de_DE","og_type":"article","og_title":"Wie w\u00e4hlt man die richtige Ausstattung f\u00fcr sein Gew\u00e4chshaus?","og_description":"Produktivit\u00e4t oder Entspannung, Klimamanagement, Autonomie, wie man die Ausstattung seines Gew\u00e4chshauses ausw\u00e4hlt, um sich f\u00fcr die richtigen Module zu entscheiden.","og_url":"https:\/\/myfood.eu\/de\/2024\/03\/wie-kann-man-die-ausstattungen-des-gewaechshauses-auswaehlen\/","og_site_name":"myfood - Serre innovante et Permaculture","article_published_time":"2024-03-06T13:44:57+00:00","article_modified_time":"2025-01-27T09:18:37+00:00","og_image":[{"width":2560,"height":1426,"url":"https:\/\/myfood.eu\/wp-content\/uploads\/2024\/03\/20210720_183136-1-scaled-1.jpg","type":"image\/jpeg"}],"author":"admin","twitter_card":"summary_large_image","twitter_creator":"@admin@myfood.eu","twitter_misc":{"Verfasst von":"admin","Gesch\u00e4tzte Lesezeit":"9\u00a0Minuten"},"schema":{"@context":"https:\/\/schema.org","@graph":[{"@type":"WebPage","@id":"https:\/\/myfood.eu\/de\/2024\/03\/wie-kann-man-die-ausstattungen-des-gewaechshauses-auswaehlen\/","url":"https:\/\/myfood.eu\/de\/2024\/03\/wie-kann-man-die-ausstattungen-des-gewaechshauses-auswaehlen\/","name":"Wie w\u00e4hlt man die richtige Ausstattung f\u00fcr sein Gew\u00e4chshaus?","isPartOf":{"@id":"https:\/\/myfood.eu\/de\/#website"},"primaryImageOfPage":{"@id":"https:\/\/myfood.eu\/de\/2024\/03\/wie-kann-man-die-ausstattungen-des-gewaechshauses-auswaehlen\/#primaryimage"},"image":{"@id":"https:\/\/myfood.eu\/de\/2024\/03\/wie-kann-man-die-ausstattungen-des-gewaechshauses-auswaehlen\/#primaryimage"},"thumbnailUrl":"\/wp-content\/uploads\/2024\/03\/20210720_183136-1-scaled-1.jpg","datePublished":"2024-03-06T13:44:57+00:00","dateModified":"2025-01-27T09:18:37+00:00","author":{"@id":"https:\/\/myfood.eu\/de\/#\/schema\/person\/66baf1e5a9518dc0cf5050e34a6759bd"},"description":"Produktivit\u00e4t oder Entspannung, Klimamanagement, Autonomie, wie man die Ausstattung seines Gew\u00e4chshauses ausw\u00e4hlt, um sich f\u00fcr die richtigen Module zu entscheiden.","breadcrumb":{"@id":"https:\/\/myfood.eu\/de\/2024\/03\/wie-kann-man-die-ausstattungen-des-gewaechshauses-auswaehlen\/#breadcrumb"},"inLanguage":"de","potentialAction":[{"@type":"ReadAction","target":["https:\/\/myfood.eu\/de\/2024\/03\/wie-kann-man-die-ausstattungen-des-gewaechshauses-auswaehlen\/"]}]},{"@type":"ImageObject","inLanguage":"de","@id":"https:\/\/myfood.eu\/de\/2024\/03\/wie-kann-man-die-ausstattungen-des-gewaechshauses-auswaehlen\/#primaryimage","url":"\/wp-content\/uploads\/2024\/03\/20210720_183136-1-scaled-1.jpg","contentUrl":"\/wp-content\/uploads\/2024\/03\/20210720_183136-1-scaled-1.jpg","width":2560,"height":1426,"caption":"\u00e9quipements serre"},{"@type":"BreadcrumbList","@id":"https:\/\/myfood.eu\/de\/2024\/03\/wie-kann-man-die-ausstattungen-des-gewaechshauses-auswaehlen\/#breadcrumb","itemListElement":[{"@type":"ListItem","position":1,"name":"Home","item":"https:\/\/myfood.eu\/de\/"},{"@type":"ListItem","position":2,"name":"Wie w\u00e4hlt man die richtige Ausstattung f\u00fcr sein Gew\u00e4chshaus?"}]},{"@type":"WebSite","@id":"https:\/\/myfood.eu\/de\/#website","url":"https:\/\/myfood.eu\/de\/","name":"myfood - Serre innovante et Permaculture","description":"Se reconnecter \u00e0 son alimentation","potentialAction":[{"@type":"SearchAction","target":{"@type":"EntryPoint","urlTemplate":"https:\/\/myfood.eu\/de\/?s={search_term_string}"},"query-input":{"@type":"PropertyValueSpecification","valueRequired":true,"valueName":"search_term_string"}}],"inLanguage":"de"},{"@type":"Person","@id":"https:\/\/myfood.eu\/de\/#\/schema\/person\/66baf1e5a9518dc0cf5050e34a6759bd","name":"admin","image":{"@type":"ImageObject","inLanguage":"de","@id":"https:\/\/myfood.eu\/de\/#\/schema\/person\/image\/","url":"https:\/\/secure.gravatar.com\/avatar\/ad33338237077d3cb1a62a1997e5bf78?s=96&d=mm&r=g","contentUrl":"https:\/\/secure.gravatar.com\/avatar\/ad33338237077d3cb1a62a1997e5bf78?s=96&d=mm&r=g","caption":"admin"},"sameAs":["https:\/\/myfood.eu","https:\/\/x.com\/admin@myfood.eu"],"url":"https:\/\/myfood.eu\/de\/author\/admin\/"}]}},"_links":{"self":[{"href":"https:\/\/myfood.eu\/de\/wp-json\/wp\/v2\/posts\/268445","targetHints":{"allow":["GET"]}}],"collection":[{"href":"https:\/\/myfood.eu\/de\/wp-json\/wp\/v2\/posts"}],"about":[{"href":"https:\/\/myfood.eu\/de\/wp-json\/wp\/v2\/types\/post"}],"author":[{"embeddable":true,"href":"https:\/\/myfood.eu\/de\/wp-json\/wp\/v2\/users\/1"}],"replies":[{"embeddable":true,"href":"https:\/\/myfood.eu\/de\/wp-json\/wp\/v2\/comments?post=268445"}],"version-history":[{"count":0,"href":"https:\/\/myfood.eu\/de\/wp-json\/wp\/v2\/posts\/268445\/revisions"}],"wp:featuredmedia":[{"embeddable":true,"href":"https:\/\/myfood.eu\/de\/wp-json\/wp\/v2\/media\/268397"}],"wp:attachment":[{"href":"https:\/\/myfood.eu\/de\/wp-json\/wp\/v2\/media?parent=268445"}],"wp:term":[{"taxonomy":"category","embeddable":true,"href":"https:\/\/myfood.eu\/de\/wp-json\/wp\/v2\/categories?post=268445"},{"taxonomy":"post_tag","embeddable":true,"href":"https:\/\/myfood.eu\/de\/wp-json\/wp\/v2\/tags?post=268445"}],"curies":[{"name":"wp","href":"https:\/\/api.w.org\/{rel}","templated":true}]}}