{"id":268621,"date":"2024-04-09T15:45:17","date_gmt":"2024-04-09T14:45:17","guid":{"rendered":"https:\/\/www.myfood.eu\/?p=268621"},"modified":"2025-01-27T09:18:39","modified_gmt":"2025-01-27T09:18:39","slug":"was-gibt-es-heute-abend-zu-essen","status":"publish","type":"post","link":"https:\/\/myfood.eu\/de\/2024\/04\/was-gibt-es-heute-abend-zu-essen\/","title":{"rendered":"Was gibt es heute Abend zu essen?"},"content":{"rendered":"\n<p>Wer hat diesen Satz noch nie aus dem Mund der Kinder geh\u00f6rt\u2026\ud83d\ude09<\/p>\n\n\n\n<p>In der Hektik unseres modernen Lebens als aktive B\u00fcrger, die ihren Kindern nur das Beste bieten wollen, ist jede Strategie recht, um die Effizienz im Alltag zu steigern, ohne die Idee aufzugeben, dass der Zugang zu + Nat\u00fcrlichkeit m\u00f6glich ist.<\/p>\n\n\n\n<p>&nbsp;Insta-Accounts \u00fcber Batch-Cooking von Koch Promis und dann die \u00fcberforderten Eltern, die ihre &#8220;Tipps&#8221; f\u00fcr den Alltag ver\u00f6ffentlichen. Gibt es heutzutage unz\u00e4hlige M\u00f6glichkeiten, SEINE eigene ideale L\u00f6sung zu finden.<\/p>\n\n\n\n<p><strong>Wie sieht es mit selbstmachen aus?<\/strong><\/p>\n\n\n\n<figure class=\"wp-block-image size-large is-resized\"><img loading=\"lazy\" decoding=\"async\" width=\"1024\" height=\"576\" src=\"https:\/\/www.myfood.eu\/wp-content\/uploads\/2024\/04\/Photos-NL-1200x675-44-1024x576.jpg\" alt=\"\" class=\"wp-image-268571\" style=\"width:840px;height:undefinedpx\" srcset=\"\/wp-content\/uploads\/2024\/04\/Photos-NL-1200x675-44-1024x576.jpg 1024w, \/wp-content\/uploads\/2024\/04\/Photos-NL-1200x675-44-300x169.jpg 300w, \/wp-content\/uploads\/2024\/04\/Photos-NL-1200x675-44-768x432.jpg 768w, \/wp-content\/uploads\/2024\/04\/Photos-NL-1200x675-44-133x75.jpg 133w, \/wp-content\/uploads\/2024\/04\/Photos-NL-1200x675-44-480x270.jpg 480w\" sizes=\"auto, (max-width:767px) 480px, (max-width:1024px) 100vw, 1024px\" \/><figcaption class=\"wp-element-caption\"><em>Choisir parmi la multitude de l\u00e9gumes ce que l&#8217;on mange pour le repas du soir et pour son autoconsommation<\/em><\/figcaption><\/figure>\n\n\n\n<h2 class=\"wp-block-heading\">Was ist Eigenverbrauch?<\/h2>\n\n\n\n<p>Der Eigenverbrauch bezieht sich auf Personen, die zu Hause ihre eigenen Produkte herstellen und verbrauchen.<\/p>\n\n\n\n<p>Im Jahr 2017 konsumierten 19 % der franz\u00f6sischen Bev\u00f6lkerung Produkte, die aus ihrem Eigentum stammten. Dies betrifft in der Reihenfolge: Gem\u00fcse (75 %) , Obst (38 %), Eier und Milchprodukte (25 %), Honig und Marmeladen (18 %), dann Fleisch (13 %). * INSEE<\/p>\n\n\n\n<p>Es ist also die Praxis des Gem\u00fcsegartens, die die Franzosen, die sich selbst verzehren, am meisten interessiert!<\/p>\n\n\n\n<h2 class=\"wp-block-heading\">Der Gem\u00fcsegarten von der Nachkriegszeit bis heute.<\/h2>\n\n\n\n<p>Der famili\u00e4re Gem\u00fcsegarten \u00fcberdauert die Jahrzehnte und Generationen wie die Zeit historische Denkm\u00e4ler.<\/p>\n\n\n\n<p>Ob aus offensichtlichen wirtschaftlichen Notwendigkeiten der Nachkriegszeit oder aus Verantwortung f\u00fcr die Umwelt &#8211; die Praxis des Gem\u00fcsegartens passt sich immer wieder den gesellschaftlichen Ver\u00e4nderungen an.<\/p>\n\n\n\n<p>Vor kurzem hat die COVID-Krise die Familien wieder mit dem Wunsch vers\u00f6hnt, die Kontrolle \u00fcber ihren Konsum und ihre Gesundheit zur\u00fcckzugewinnen.<\/p>\n\n\n\n<p>So wird dieses Wissen, das nur den \u00e4lteren Generationen zu geh\u00f6ren schien (wir alle haben einen Gro\u00dfvater oder einen \u00e4lteren Nachbarn, der einen Gem\u00fcsegarten angelegt hat!), nun f\u00fcr eine von f\u00fcnf franz\u00f6sischen Familien zur g\u00e4ngigen Praxis.<\/p>\n\n\n\n<p>Auch wenn der Trend zum Eigenverbrauch w\u00e4chst, ist dennoch festzustellen, dass von allen Haushalten, die zu Hause produzieren, 61% aktive oder pensionierte Landwirte sind.<\/p>\n\n\n\n<p>19% ihrer zu Hause konsumierten Produkte stammen aus eigener Produktion, im Vergleich zu 5% im Gesamtdurchschnitt.<\/p>\n\n\n\n<p><\/p>\n\n\n\n<h2 class=\"wp-block-heading\">Der Eigenverbrauch der neuen Generation.<\/h2>\n\n\n\n<p>Seit fast 10 Jahren setzt sich Myfood f\u00fcr die Demokratisierung dieser Praxis ein und es funktioniert!<\/p>\n\n\n\n<p>Mehr als 1000 Informationsanfragen und etwa 40 Gew\u00e4chsh\u00e4user, die jeden Monat unsere Lager verlassen. Das Selbstgemachte setzt sich in einem Kontext der allgemeinen Verschlechterung der gesellschaftlichen und wirtschaftlichen Umweltbedingungen wie eine Selbstverst\u00e4ndlichkeit durch.<\/p>\n\n\n\n<p>Sie sagen uns Danke:<\/p>\n\n\n<div class=\"wp-block-image\">\n<figure class=\"aligncenter size-large is-resized\"><img loading=\"lazy\" decoding=\"async\" width=\"1024\" height=\"576\" src=\"https:\/\/www.myfood.eu\/wp-content\/uploads\/2024\/04\/16-1024x576.jpg\" alt=\"\" class=\"wp-image-268640\" style=\"width:836px;height:auto\" srcset=\"\/wp-content\/uploads\/2024\/04\/16-1024x576.jpg 1024w, \/wp-content\/uploads\/2024\/04\/16-300x169.jpg 300w, \/wp-content\/uploads\/2024\/04\/16-768x432.jpg 768w, \/wp-content\/uploads\/2024\/04\/16-133x75.jpg 133w, \/wp-content\/uploads\/2024\/04\/16-480x270.jpg 480w\" sizes=\"auto, (max-width:767px) 480px, (max-width:1024px) 100vw, 1024px\" \/><\/figure><\/div>\n\n\n<div style=\"height:36px\" aria-hidden=\"true\" class=\"wp-block-spacer\"><\/div>\n\n\n\n<div class=\"wp-block-buttons is-content-justification-center is-layout-flex wp-container-core-buttons-is-layout-1 wp-block-buttons-is-layout-flex\">\n<div class=\"wp-block-button has-custom-font-size\" style=\"font-size:18px\"><a class=\"wp-block-button__link has-white-color has-text-color has-background has-text-align-center wp-element-button\" href=\"https:\/\/myfood.pro.typeform.com\/pionier-de\" style=\"background-color:#2ea736\">Ich m\u00f6chte in den Eigenverbrauch einsteigen<\/a><\/div>\n<\/div>\n\n\n\n<div style=\"height:36px\" aria-hidden=\"true\" class=\"wp-block-spacer\"><\/div>\n\n\n\n<h2 class=\"wp-block-heading\">Was genau bedeutet es, mit Myfood anzubauen?<\/h2>\n\n\n\n<p>Sie fragen sich also, ob der Einstieg in den heimischen Gem\u00fcseanbau das Richtige f\u00fcr Sie ist?<\/p>\n\n\n\n<p>Schauen wir uns an, was bei unseren Pionieren in der K\u00fcche passiert.<\/p>\n\n\n\n<figure class=\"wp-block-embed is-type-video is-provider-youtube wp-block-embed-youtube wp-embed-aspect-16-9 wp-has-aspect-ratio\"><div class=\"wp-block-embed__wrapper\">\n<iframe loading=\"lazy\" title=\"Zeugnis - Das Gew\u00e4chshaus revolutioniert Claras Teller\" width=\"1220\" height=\"686\" src=\"https:\/\/www.youtube.com\/embed\/2XF1abFaHGY?feature=oembed\" frameborder=\"0\" allow=\"accelerometer; autoplay; clipboard-write; encrypted-media; gyroscope; picture-in-picture; web-share\" referrerpolicy=\"strict-origin-when-cross-origin\" allowfullscreen><\/iframe>\n<\/div><\/figure>\n\n\n\n<p><\/p>\n\n\n\n<p>Verabschieden Sie sich wie Clara von der mentalen Belastung durch Speisekarten, Eink\u00e4ufe und das ewige Dilemma &#8220;Preis VS Qualit\u00e4t dessen, was ich esse&#8221;.<\/p>\n\n\n\n<div style=\"height:36px\" aria-hidden=\"true\" class=\"wp-block-spacer\"><\/div>\n\n\n\n<h2 class=\"wp-block-heading\">Was essen wir heute Abend?<\/h2>\n\n\n\n<p>Die Men\u00fcs f\u00fcr das Gew\u00e4chshaus im April bei einer Myfood-Familie. Hier finden Sie unsere Essensideen f\u00fcr jeden Tag der Woche. Auf dem Weg zum Eigenverbrauch!<\/p>\n\n\n<div class=\"wp-block-image\">\n<figure class=\"alignleft size-large is-resized\"><img loading=\"lazy\" decoding=\"async\" width=\"1024\" height=\"576\" src=\"https:\/\/www.myfood.eu\/wp-content\/uploads\/2024\/04\/2-2-1024x576.jpg\" alt=\"\" class=\"wp-image-268625\" style=\"width:516px;height:auto\" srcset=\"\/wp-content\/uploads\/2024\/04\/2-2-1024x576.jpg 1024w, \/wp-content\/uploads\/2024\/04\/2-2-300x169.jpg 300w, \/wp-content\/uploads\/2024\/04\/2-2-768x432.jpg 768w, \/wp-content\/uploads\/2024\/04\/2-2-133x75.jpg 133w, \/wp-content\/uploads\/2024\/04\/2-2-480x270.jpg 480w\" sizes=\"auto, (max-width:767px) 480px, (max-width:1024px) 100vw, 1024px\" \/><figcaption class=\"wp-element-caption\"><em>Montag &#8211; Wie man es einfach macht<\/em><\/figcaption><\/figure><\/div>\n\n<div class=\"wp-block-image\">\n<figure class=\"alignright size-large is-resized\"><img loading=\"lazy\" decoding=\"async\" width=\"1024\" height=\"576\" src=\"https:\/\/www.myfood.eu\/wp-content\/uploads\/2024\/04\/4-2-1024x576.jpg\" alt=\"\" class=\"wp-image-268628\" style=\"width:518px;height:auto\" srcset=\"\/wp-content\/uploads\/2024\/04\/4-2-1024x576.jpg 1024w, \/wp-content\/uploads\/2024\/04\/4-2-300x169.jpg 300w, \/wp-content\/uploads\/2024\/04\/4-2-768x432.jpg 768w, \/wp-content\/uploads\/2024\/04\/4-2-133x75.jpg 133w, \/wp-content\/uploads\/2024\/04\/4-2-480x270.jpg 480w\" sizes=\"auto, (max-width:767px) 480px, (max-width:1024px) 100vw, 1024px\" \/><figcaption class=\"wp-element-caption\"><em>Dienstag &#8211; Die bunten Wurzeln<\/em><\/figcaption><\/figure><\/div>\n\n<div class=\"wp-block-image\">\n<figure class=\"alignleft size-large is-resized\"><img loading=\"lazy\" decoding=\"async\" width=\"1024\" height=\"576\" src=\"https:\/\/www.myfood.eu\/wp-content\/uploads\/2024\/04\/8-1-1024x576.jpg\" alt=\"\" class=\"wp-image-268631\" style=\"width:516px;height:auto\" srcset=\"\/wp-content\/uploads\/2024\/04\/8-1-1024x576.jpg 1024w, \/wp-content\/uploads\/2024\/04\/8-1-300x169.jpg 300w, \/wp-content\/uploads\/2024\/04\/8-1-768x432.jpg 768w, \/wp-content\/uploads\/2024\/04\/8-1-133x75.jpg 133w, \/wp-content\/uploads\/2024\/04\/8-1-480x270.jpg 480w\" sizes=\"auto, (max-width:767px) 480px, (max-width:1024px) 100vw, 1024px\" \/><figcaption class=\"wp-element-caption\"><em>Mittwoch &#8211; Ist vegetarisch<\/em><\/figcaption><\/figure><\/div>\n\n<div class=\"wp-block-image\">\n<figure class=\"alignright size-large is-resized\"><img loading=\"lazy\" decoding=\"async\" width=\"1024\" height=\"576\" src=\"https:\/\/www.myfood.eu\/wp-content\/uploads\/2024\/04\/11-1024x576.jpg\" alt=\"\" class=\"wp-image-268634\" style=\"width:518px;height:auto\" srcset=\"\/wp-content\/uploads\/2024\/04\/11-1024x576.jpg 1024w, \/wp-content\/uploads\/2024\/04\/11-300x169.jpg 300w, \/wp-content\/uploads\/2024\/04\/11-768x432.jpg 768w, \/wp-content\/uploads\/2024\/04\/11-133x75.jpg 133w, \/wp-content\/uploads\/2024\/04\/11-480x270.jpg 480w\" sizes=\"auto, (max-width:767px) 480px, (max-width:1024px) 100vw, 1024px\" \/><figcaption class=\"wp-element-caption\"><em>Donnerstag &#8211; Das Gr\u00fcn des Gew\u00e4chshauses<\/em><\/figcaption><\/figure><\/div>\n\n<div class=\"wp-block-image\">\n<figure class=\"alignleft size-large is-resized\"><img loading=\"lazy\" decoding=\"async\" width=\"1024\" height=\"576\" src=\"https:\/\/www.myfood.eu\/wp-content\/uploads\/2024\/04\/14-1024x576.jpg\" alt=\"\" class=\"wp-image-268637\" style=\"width:516px;height:auto\" srcset=\"\/wp-content\/uploads\/2024\/04\/14-1024x576.jpg 1024w, \/wp-content\/uploads\/2024\/04\/14-300x169.jpg 300w, \/wp-content\/uploads\/2024\/04\/14-768x432.jpg 768w, \/wp-content\/uploads\/2024\/04\/14-133x75.jpg 133w, \/wp-content\/uploads\/2024\/04\/14-480x270.jpg 480w\" sizes=\"auto, (max-width:767px) 480px, (max-width:1024px) 100vw, 1024px\" \/><figcaption class=\"wp-element-caption\"><em>Freitag &#8211; Blattgem\u00fcse im Mittelpunkt<\/em><\/figcaption><\/figure><\/div>\n\n\n<div style=\"height:20px\" aria-hidden=\"true\" class=\"wp-block-spacer\"><\/div>\n\n\n\n<p>Eine Liste der Lebensmittel, die das ganze Jahr \u00fcber produziert werden, finden Sie hier :<\/p>\n\n\n\n<div class=\"wp-block-buttons is-content-justification-center is-layout-flex wp-container-core-buttons-is-layout-2 wp-block-buttons-is-layout-flex\">\n<div class=\"wp-block-button has-custom-font-size\" style=\"font-size:18px\"><a class=\"wp-block-button__link has-white-color has-text-color has-background has-text-align-center wp-element-button\" href=\"https:\/\/myfood.eu\/wp-content\/MYFOOD-GUIDE-PLANTER-RECOLTER-DE.pdf\" style=\"background-color:#2ea736\">Was ich im Gew\u00e4chshaus ernten kann<\/a><\/div>\n<\/div>\n\n\n\n<p><\/p>\n","protected":false},"excerpt":{"rendered":"<p>Wer hat diesen Satz noch nie aus dem Mund der Kinder geh\u00f6rt\u2026\ud83d\ude09 In der Hektik unseres modernen Lebens als aktive B\u00fcrger, die ihren Kindern nur das<span class=\"excerpt-hellip\"> [\u2026]<\/span><\/p>\n","protected":false},"author":1,"featured_media":268614,"comment_status":"closed","ping_status":"closed","sticky":false,"template":"","format":"standard","meta":{"footnotes":""},"categories":[340,342],"tags":[157,110,30,31,33],"class_list":["post-268621","post","type-post","status-publish","format-standard","has-post-thumbnail","hentry","category-ernaehrung","category-umwelt","tag-eigenverbrauch","tag-gaertners","tag-gemuese","tag-gewaechshaus","tag-kulturen"],"yoast_head":"<!-- This site is optimized with the Yoast SEO plugin v24.7 - https:\/\/yoast.com\/wordpress\/plugins\/seo\/ -->\n<title>Was gibt es heute Abend zu essen?<\/title>\n<meta name=\"description\" content=\"Wer diesen Satz noch nie aus dem Mund seiner Kinder geh\u00f6rt hat, wirft den ersten Stein auf uns! Wir sprechen hier von Eigenverbrauch.\" \/>\n<meta name=\"robots\" content=\"index, follow, max-snippet:-1, max-image-preview:large, max-video-preview:-1\" \/>\n<link rel=\"canonical\" href=\"https:\/\/myfood.eu\/de\/2024\/04\/was-gibt-es-heute-abend-zu-essen\/\" \/>\n<meta property=\"og:locale\" content=\"de_DE\" \/>\n<meta property=\"og:type\" content=\"article\" \/>\n<meta property=\"og:title\" content=\"Was gibt es heute Abend zu essen?\" \/>\n<meta property=\"og:description\" content=\"Wer diesen Satz noch nie aus dem Mund seiner Kinder geh\u00f6rt hat, wirft den ersten Stein auf uns! Wir sprechen hier von Eigenverbrauch.\" \/>\n<meta property=\"og:url\" content=\"https:\/\/myfood.eu\/de\/2024\/04\/was-gibt-es-heute-abend-zu-essen\/\" \/>\n<meta property=\"og:site_name\" content=\"myfood - Serre innovante et Permaculture\" \/>\n<meta property=\"article:published_time\" content=\"2024-04-09T14:45:17+00:00\" \/>\n<meta property=\"article:modified_time\" content=\"2025-01-27T09:18:39+00:00\" \/>\n<meta property=\"og:image\" content=\"https:\/\/myfood.eu\/wp-content\/uploads\/2024\/04\/Photos-NL-1200x675-44-3.jpg\" \/>\n\t<meta property=\"og:image:width\" content=\"1200\" \/>\n\t<meta property=\"og:image:height\" content=\"675\" \/>\n\t<meta property=\"og:image:type\" content=\"image\/jpeg\" \/>\n<meta name=\"author\" content=\"admin\" \/>\n<meta name=\"twitter:card\" content=\"summary_large_image\" \/>\n<meta name=\"twitter:creator\" content=\"@admin@myfood.eu\" \/>\n<meta name=\"twitter:label1\" content=\"Verfasst von\" \/>\n\t<meta name=\"twitter:data1\" content=\"admin\" \/>\n\t<meta name=\"twitter:label2\" content=\"Gesch\u00e4tzte Lesezeit\" \/>\n\t<meta name=\"twitter:data2\" content=\"7\u00a0Minuten\" \/>\n<script type=\"application\/ld+json\" class=\"yoast-schema-graph\">{\"@context\":\"https:\/\/schema.org\",\"@graph\":[{\"@type\":\"WebPage\",\"@id\":\"https:\/\/myfood.eu\/de\/2024\/04\/was-gibt-es-heute-abend-zu-essen\/\",\"url\":\"https:\/\/myfood.eu\/de\/2024\/04\/was-gibt-es-heute-abend-zu-essen\/\",\"name\":\"Was gibt es heute Abend zu essen?\",\"isPartOf\":{\"@id\":\"https:\/\/myfood.eu\/de\/#website\"},\"primaryImageOfPage\":{\"@id\":\"https:\/\/myfood.eu\/de\/2024\/04\/was-gibt-es-heute-abend-zu-essen\/#primaryimage\"},\"image\":{\"@id\":\"https:\/\/myfood.eu\/de\/2024\/04\/was-gibt-es-heute-abend-zu-essen\/#primaryimage\"},\"thumbnailUrl\":\"\/wp-content\/uploads\/2024\/04\/Photos-NL-1200x675-44-3.jpg\",\"datePublished\":\"2024-04-09T14:45:17+00:00\",\"dateModified\":\"2025-01-27T09:18:39+00:00\",\"author\":{\"@id\":\"https:\/\/myfood.eu\/de\/#\/schema\/person\/66baf1e5a9518dc0cf5050e34a6759bd\"},\"description\":\"Wer diesen Satz noch nie aus dem Mund seiner Kinder geh\u00f6rt hat, wirft den ersten Stein auf uns! Wir sprechen hier von Eigenverbrauch.\",\"breadcrumb\":{\"@id\":\"https:\/\/myfood.eu\/de\/2024\/04\/was-gibt-es-heute-abend-zu-essen\/#breadcrumb\"},\"inLanguage\":\"de\",\"potentialAction\":[{\"@type\":\"ReadAction\",\"target\":[\"https:\/\/myfood.eu\/de\/2024\/04\/was-gibt-es-heute-abend-zu-essen\/\"]}]},{\"@type\":\"ImageObject\",\"inLanguage\":\"de\",\"@id\":\"https:\/\/myfood.eu\/de\/2024\/04\/was-gibt-es-heute-abend-zu-essen\/#primaryimage\",\"url\":\"\/wp-content\/uploads\/2024\/04\/Photos-NL-1200x675-44-3.jpg\",\"contentUrl\":\"\/wp-content\/uploads\/2024\/04\/Photos-NL-1200x675-44-3.jpg\",\"width\":1200,\"height\":675},{\"@type\":\"BreadcrumbList\",\"@id\":\"https:\/\/myfood.eu\/de\/2024\/04\/was-gibt-es-heute-abend-zu-essen\/#breadcrumb\",\"itemListElement\":[{\"@type\":\"ListItem\",\"position\":1,\"name\":\"Home\",\"item\":\"https:\/\/myfood.eu\/de\/\"},{\"@type\":\"ListItem\",\"position\":2,\"name\":\"Was gibt es heute Abend zu essen?\"}]},{\"@type\":\"WebSite\",\"@id\":\"https:\/\/myfood.eu\/de\/#website\",\"url\":\"https:\/\/myfood.eu\/de\/\",\"name\":\"myfood - Serre innovante et Permaculture\",\"description\":\"Se reconnecter \u00e0 son alimentation\",\"potentialAction\":[{\"@type\":\"SearchAction\",\"target\":{\"@type\":\"EntryPoint\",\"urlTemplate\":\"https:\/\/myfood.eu\/de\/?s={search_term_string}\"},\"query-input\":{\"@type\":\"PropertyValueSpecification\",\"valueRequired\":true,\"valueName\":\"search_term_string\"}}],\"inLanguage\":\"de\"},{\"@type\":\"Person\",\"@id\":\"https:\/\/myfood.eu\/de\/#\/schema\/person\/66baf1e5a9518dc0cf5050e34a6759bd\",\"name\":\"admin\",\"image\":{\"@type\":\"ImageObject\",\"inLanguage\":\"de\",\"@id\":\"https:\/\/myfood.eu\/de\/#\/schema\/person\/image\/\",\"url\":\"https:\/\/secure.gravatar.com\/avatar\/ad33338237077d3cb1a62a1997e5bf78?s=96&d=mm&r=g\",\"contentUrl\":\"https:\/\/secure.gravatar.com\/avatar\/ad33338237077d3cb1a62a1997e5bf78?s=96&d=mm&r=g\",\"caption\":\"admin\"},\"sameAs\":[\"https:\/\/myfood.eu\",\"https:\/\/x.com\/admin@myfood.eu\"],\"url\":\"https:\/\/myfood.eu\/de\/author\/admin\/\"}]}<\/script>\n<!-- \/ Yoast SEO plugin. -->","yoast_head_json":{"title":"Was gibt es heute Abend zu essen?","description":"Wer diesen Satz noch nie aus dem Mund seiner Kinder geh\u00f6rt hat, wirft den ersten Stein auf uns! Wir sprechen hier von Eigenverbrauch.","robots":{"index":"index","follow":"follow","max-snippet":"max-snippet:-1","max-image-preview":"max-image-preview:large","max-video-preview":"max-video-preview:-1"},"canonical":"https:\/\/myfood.eu\/de\/2024\/04\/was-gibt-es-heute-abend-zu-essen\/","og_locale":"de_DE","og_type":"article","og_title":"Was gibt es heute Abend zu essen?","og_description":"Wer diesen Satz noch nie aus dem Mund seiner Kinder geh\u00f6rt hat, wirft den ersten Stein auf uns! Wir sprechen hier von Eigenverbrauch.","og_url":"https:\/\/myfood.eu\/de\/2024\/04\/was-gibt-es-heute-abend-zu-essen\/","og_site_name":"myfood - Serre innovante et Permaculture","article_published_time":"2024-04-09T14:45:17+00:00","article_modified_time":"2025-01-27T09:18:39+00:00","og_image":[{"width":1200,"height":675,"url":"https:\/\/myfood.eu\/wp-content\/uploads\/2024\/04\/Photos-NL-1200x675-44-3.jpg","type":"image\/jpeg"}],"author":"admin","twitter_card":"summary_large_image","twitter_creator":"@admin@myfood.eu","twitter_misc":{"Verfasst von":"admin","Gesch\u00e4tzte Lesezeit":"7\u00a0Minuten"},"schema":{"@context":"https:\/\/schema.org","@graph":[{"@type":"WebPage","@id":"https:\/\/myfood.eu\/de\/2024\/04\/was-gibt-es-heute-abend-zu-essen\/","url":"https:\/\/myfood.eu\/de\/2024\/04\/was-gibt-es-heute-abend-zu-essen\/","name":"Was gibt es heute Abend zu essen?","isPartOf":{"@id":"https:\/\/myfood.eu\/de\/#website"},"primaryImageOfPage":{"@id":"https:\/\/myfood.eu\/de\/2024\/04\/was-gibt-es-heute-abend-zu-essen\/#primaryimage"},"image":{"@id":"https:\/\/myfood.eu\/de\/2024\/04\/was-gibt-es-heute-abend-zu-essen\/#primaryimage"},"thumbnailUrl":"\/wp-content\/uploads\/2024\/04\/Photos-NL-1200x675-44-3.jpg","datePublished":"2024-04-09T14:45:17+00:00","dateModified":"2025-01-27T09:18:39+00:00","author":{"@id":"https:\/\/myfood.eu\/de\/#\/schema\/person\/66baf1e5a9518dc0cf5050e34a6759bd"},"description":"Wer diesen Satz noch nie aus dem Mund seiner Kinder geh\u00f6rt hat, wirft den ersten Stein auf uns! Wir sprechen hier von Eigenverbrauch.","breadcrumb":{"@id":"https:\/\/myfood.eu\/de\/2024\/04\/was-gibt-es-heute-abend-zu-essen\/#breadcrumb"},"inLanguage":"de","potentialAction":[{"@type":"ReadAction","target":["https:\/\/myfood.eu\/de\/2024\/04\/was-gibt-es-heute-abend-zu-essen\/"]}]},{"@type":"ImageObject","inLanguage":"de","@id":"https:\/\/myfood.eu\/de\/2024\/04\/was-gibt-es-heute-abend-zu-essen\/#primaryimage","url":"\/wp-content\/uploads\/2024\/04\/Photos-NL-1200x675-44-3.jpg","contentUrl":"\/wp-content\/uploads\/2024\/04\/Photos-NL-1200x675-44-3.jpg","width":1200,"height":675},{"@type":"BreadcrumbList","@id":"https:\/\/myfood.eu\/de\/2024\/04\/was-gibt-es-heute-abend-zu-essen\/#breadcrumb","itemListElement":[{"@type":"ListItem","position":1,"name":"Home","item":"https:\/\/myfood.eu\/de\/"},{"@type":"ListItem","position":2,"name":"Was gibt es heute Abend zu essen?"}]},{"@type":"WebSite","@id":"https:\/\/myfood.eu\/de\/#website","url":"https:\/\/myfood.eu\/de\/","name":"myfood - Serre innovante et Permaculture","description":"Se reconnecter \u00e0 son alimentation","potentialAction":[{"@type":"SearchAction","target":{"@type":"EntryPoint","urlTemplate":"https:\/\/myfood.eu\/de\/?s={search_term_string}"},"query-input":{"@type":"PropertyValueSpecification","valueRequired":true,"valueName":"search_term_string"}}],"inLanguage":"de"},{"@type":"Person","@id":"https:\/\/myfood.eu\/de\/#\/schema\/person\/66baf1e5a9518dc0cf5050e34a6759bd","name":"admin","image":{"@type":"ImageObject","inLanguage":"de","@id":"https:\/\/myfood.eu\/de\/#\/schema\/person\/image\/","url":"https:\/\/secure.gravatar.com\/avatar\/ad33338237077d3cb1a62a1997e5bf78?s=96&d=mm&r=g","contentUrl":"https:\/\/secure.gravatar.com\/avatar\/ad33338237077d3cb1a62a1997e5bf78?s=96&d=mm&r=g","caption":"admin"},"sameAs":["https:\/\/myfood.eu","https:\/\/x.com\/admin@myfood.eu"],"url":"https:\/\/myfood.eu\/de\/author\/admin\/"}]}},"_links":{"self":[{"href":"https:\/\/myfood.eu\/de\/wp-json\/wp\/v2\/posts\/268621","targetHints":{"allow":["GET"]}}],"collection":[{"href":"https:\/\/myfood.eu\/de\/wp-json\/wp\/v2\/posts"}],"about":[{"href":"https:\/\/myfood.eu\/de\/wp-json\/wp\/v2\/types\/post"}],"author":[{"embeddable":true,"href":"https:\/\/myfood.eu\/de\/wp-json\/wp\/v2\/users\/1"}],"replies":[{"embeddable":true,"href":"https:\/\/myfood.eu\/de\/wp-json\/wp\/v2\/comments?post=268621"}],"version-history":[{"count":0,"href":"https:\/\/myfood.eu\/de\/wp-json\/wp\/v2\/posts\/268621\/revisions"}],"wp:featuredmedia":[{"embeddable":true,"href":"https:\/\/myfood.eu\/de\/wp-json\/wp\/v2\/media\/268614"}],"wp:attachment":[{"href":"https:\/\/myfood.eu\/de\/wp-json\/wp\/v2\/media?parent=268621"}],"wp:term":[{"taxonomy":"category","embeddable":true,"href":"https:\/\/myfood.eu\/de\/wp-json\/wp\/v2\/categories?post=268621"},{"taxonomy":"post_tag","embeddable":true,"href":"https:\/\/myfood.eu\/de\/wp-json\/wp\/v2\/tags?post=268621"}],"curies":[{"name":"wp","href":"https:\/\/api.w.org\/{rel}","templated":true}]}}