{"id":1108433,"date":"2024-11-19T09:23:05","date_gmt":"2024-11-19T08:23:05","guid":{"rendered":"https:\/\/myfood.eu\/?p=1108433"},"modified":"2025-11-25T16:12:20","modified_gmt":"2025-11-25T15:12:20","slug":"vite-ma-serre","status":"publish","type":"post","link":"https:\/\/myfood.eu\/fr\/2024\/11\/vite-ma-serre\/","title":{"rendered":"Vite, ma serre !"},"content":{"rendered":"\n<p class=\"has-x-large-font-size\">Une approche pragmatique du survivalisme et de la r\u00e9silience<\/p>\n\n\n\n<p>Pand\u00e9mie, climat d\u00e9r\u00e9gl\u00e9, guerre : la pr\u00e9occupation des citoyens en <strong>recherche d\u2019autonomie<\/strong> est croissante au point d\u2019atteindre nos instances politiques.<\/p>\n\n\n\n<p>Alors que le sujet de l&#8217;autonomie semblait jusque-l\u00e0 r\u00e9serv\u00e9 aux illumin\u00e9s, la Commission Europ\u00e9enne s&#8217;est vue plancher d\u00e9but Novembre sur <a href=\"https:\/\/www.lepoint.fr\/monde\/pandemie-climat-deregle-et-guerre-les-europeens-encourages-a-faire-des-stocks-en-cas-de-crise-majeure-01-11-2024-2574186_24.php\">le sujet de l&#8217;alimentation en situation de crise<\/a>. L\u2019ancien pr\u00e9sident finlandais a remis&nbsp;\u00e0 la Commission un rapport sur la pr\u00e9paration civile de l\u2019Europe en cas de situation inattendue. <strong>\u00catre capable, pour chaque foyer, de tenir 72 heures en autonomie,<\/strong> voil\u00e0 la recommandation pr\u00e9sent\u00e9e en r\u00e9ponse \u00e0 la question : \u201cComment pr\u00e9parer 450 millions d\u2019Europ\u00e9ens en cas de crise majeure?\u201d<\/p>\n\n\n\n<p>Cette question soul\u00e8ve celle plus \u00e9pineuse de la r\u00e9silience, voire de la th\u00e9matique \u00ab&nbsp;survivaliste&nbsp;\u00bb. Nous vous proposons d\u2019apporter un \u00e9clairage pragmatico-pratique dans cet article. <\/p>\n\n\n\n<figure class=\"wp-block-image size-full\"><img loading=\"lazy\" decoding=\"async\" width=\"1200\" height=\"675\" src=\"\/wp-content\/uploads\/2024\/11\/Survivalisme-apres-les-inondations.jpg\" alt=\"\" class=\"wp-image-1108442\" style=\"object-fit:cover\" srcset=\"\/wp-content\/uploads\/2024\/11\/Survivalisme-apres-les-inondations.jpg 1200w, \/wp-content\/uploads\/2024\/11\/Survivalisme-apres-les-inondations-300x169.jpg 300w, \/wp-content\/uploads\/2024\/11\/Survivalisme-apres-les-inondations-1024x576.jpg 1024w, \/wp-content\/uploads\/2024\/11\/Survivalisme-apres-les-inondations-768x432.jpg 768w, \/wp-content\/uploads\/2024\/11\/Survivalisme-apres-les-inondations-133x75.jpg 133w, \/wp-content\/uploads\/2024\/11\/Survivalisme-apres-les-inondations-480x270.jpg 480w\" sizes=\"auto, (max-width:767px) 480px, (max-width:1200px) 100vw, 1200px\" \/><figcaption class=\"wp-element-caption\"><em>Une rue apr\u00e8s une inondation, symbolisant les d\u00e9fis de la r\u00e9silience face aux catastrophes naturelles.<\/em><\/figcaption><\/figure>\n\n\n\n<div class=\"wp-block-buttons is-content-justification-center is-layout-flex wp-container-core-buttons-is-layout-1 wp-block-buttons-is-layout-flex\">\n<div class=\"wp-block-button has-custom-font-size\" style=\"font-size:18px\"><a class=\"wp-block-button__link has-white-color has-text-color has-background has-text-align-center wp-element-button\" href=\"https:\/\/myfood.typeform.com\/pionnier-fr?source=blog-article-resilience\" style=\"background-color:#2ea736\" target=\"_blank\" rel=\"noreferrer noopener\">Je veux en discuter avec vous maintenant<\/a><\/div>\n<\/div>\n\n\n\n<div style=\"height:30px\" aria-hidden=\"true\" class=\"wp-block-spacer\"><\/div>\n\n\n\n<h2 class=\"wp-block-heading\">Survivalisme ou r\u00e9silience ?<\/h2>\n\n\n\n<p>Cela peut para\u00eetre \u00e9tonnant d\u2019entendre ces recommandations Europ\u00e9ennes. Surtout lorsque l\u2019on sait que les gouvernants ont plut\u00f4t tendance \u00e0 \u00eatre plus rassuristes que catastrophistes. Justement, l\u2019ancien Pr\u00e9sident finlandais ne cherchait pas \u00e0 alimenter les peurs, mais&nbsp;au contraire \u00e0 renforcer la confiance. En effet, des citoyens pr\u00e9par\u00e9s sont des citoyens plus r\u00e9silients face aux crises. On sait d\u2019ailleurs que ce sujet est m\u00eame tr\u00e8s ancr\u00e9 culturellement dans les habitudes de certains pays (la Suisse notamment) ou ceux h\u00e9las habitu\u00e9s \u00e0 des chocs (Liban par exemple).<\/p>\n\n\n\n<h4 class=\"wp-block-heading\">D\u2019abord, d\u00e9finissons les termes&nbsp;:<\/h4>\n\n\n\n<p><strong>Le survivalisme<\/strong> pr\u00f4ne la pr\u00e9paration face \u00e0 des situations de crise ou de catastrophe. Il vise \u00e0 acqu\u00e9rir des comp\u00e9tences et des ressources (comme des r\u00e9serves alimentaires, des syst\u00e8mes d&#8217;eau potable, des \u00e9quipements de survie) pour survivre de mani\u00e8re autonome face \u00e0 des sc\u00e9narii d&#8217;effondrement de la soci\u00e9t\u00e9, de catastrophe naturelle, de crise \u00e9conomique, ou de p\u00e9nurie.<\/p>\n\n\n\n<p><strong>La r\u00e9silience,<\/strong> quant \u00e0 elle, fait r\u00e9f\u00e9rence \u00e0 la capacit\u00e9 d&#8217;une personne, d&#8217;un groupe ou d&#8217;une soci\u00e9t\u00e9 \u00e0 s&#8217;adapter et \u00e0 se remettre d&#8217;une situation difficile ou d&#8217;une perturbation. Contrairement au survivalisme, qui se concentre sur la survie en cas de crise majeure, la r\u00e9silience englobe un processus d&#8217;adaptation proactive et de r\u00e9cup\u00e9ration : il s&#8217;agit de construire des syst\u00e8mes et des communaut\u00e9s qui puissent r\u00e9sister et se r\u00e9tablir apr\u00e8s un choc.<\/p>\n\n\n\n<p><a href=\"https:\/\/www.francetvinfo.fr\/monde\/espagne\/inondations-meurtrieres-en-espagne\/inondations-en-espagne-a-valence-les-defis-de-la-reconstruction_6879938.html\">Les \u00e9v\u00e9nements climatiques r\u00e9cents en Espagne<\/a> ont montr\u00e9 que l\u2019hypoth\u00e8se d\u2019une pr\u00e9paration \u00ab survivaliste&nbsp;\u00bb \u00e0 une situation de catastrophe naturelle (protection de l\u2019habitat en cas d\u2019inondation, stocks de nourriture, etc.) et la construction d\u2019une r\u00e9silience pour se r\u00e9tablir rapidement, a tout son sens. <\/p>\n\n\n\n<p>Les diff\u00e9rentes crises en seulement quatre ans ont pu nous donner un aper\u00e7u de la forte probabilit\u00e9 des crises (pand\u00e9mie covid, p\u00e9nuries, inflation subite, guerre en Ukraine, inondations, etc.) et surtout du manque de pr\u00e9paration et de r\u00e9silience des citoyens Europ\u00e9ens dans ces situations.<\/p>\n\n\n\n<div style=\"height:30px\" aria-hidden=\"true\" class=\"wp-block-spacer\"><\/div>\n\n\n\n<div class=\"wp-block-buttons is-content-justification-center is-layout-flex wp-container-core-buttons-is-layout-2 wp-block-buttons-is-layout-flex\">\n<div class=\"wp-block-button has-custom-font-size\" style=\"font-size:18px\"><a class=\"wp-block-button__link has-white-color has-text-color has-background has-text-align-center wp-element-button\" href=\"https:\/\/myfood.typeform.com\/pionnier-fr?source=blog-article-resilience\" style=\"background-color:#2ea736\" target=\"_blank\" rel=\"noreferrer noopener\">Je me pr\u00e9pare en cas de crise<\/a><\/div>\n<\/div>\n\n\n\n<div style=\"height:30px\" aria-hidden=\"true\" class=\"wp-block-spacer\"><\/div>\n\n\n\n<h2 class=\"wp-block-heading\">Et si la s\u00e9curit\u00e9 de l&#8217;Europe commen\u00e7ait dans votre jardin&nbsp;?<\/h2>\n\n\n\n<p>Sans comparaison, tout syst\u00e8me d\u00e9centralis\u00e9 est par essence plus r\u00e9silient en situation de crise (d\u00e9centralisation de la production \u00e9lectrique, de l\u2019agriculture, de l\u2019approvisionnement alimentaire, etc.). Outre le sujet du stock \u00e0 tr\u00e8s court terme, <a href=\"https:\/\/actu.fr\/ile-de-france\/paris_75056\/en-cas-de-crise-majeure-a-paris-le-stock-de-nourriture-serait-epuise-en-moins-d-une-semaine_61805833.html\">notamment dans les villes<\/a> (o\u00f9 il s\u2019agit plus d\u2019une probl\u00e9matique de stockage et d\u2019approvisionnement), la discussion est toute diff\u00e9rente en p\u00e9riurbain et en zone rurale.&nbsp; <\/p>\n\n\n\n<h3 class=\"wp-block-heading\">La mise en place d&#8217;une gestion de stock tournant<\/h3>\n\n\n\n<p>En effet, il existe une belle marge de man\u0153uvre pour progresser en faveur <strong>de la d\u00e9centralisation et de la r\u00e9silience des foyers<\/strong>, surtout pour les habitations individuelles et les familles en possession d\u2019une surface et\/ou d\u2019un jardin. Alors oui, il est tout \u00e0 fait judicieux voire recommand\u00e9, de mettre en place par exemple une gestion de stock tournant pour tout ce qui se conserve facilement. Au-del\u00e0 des DLC commerciales, il est bon de se renseigner et de <a href=\"https:\/\/esprit-nature-survie.fr\/nourriture-de-survie\/\">conna\u00eetre les dur\u00e9es de conservation des aliments<\/a>, pour une bonne gestion de votre stock immobilis\u00e9.<\/p>\n\n\n\n<figure class=\"wp-block-image size-full is-resized\"><img loading=\"lazy\" decoding=\"async\" width=\"1200\" height=\"675\" src=\"\/wp-content\/uploads\/2024\/11\/Survivalisme-gestion-dun-stock-tournant.jpg\" alt=\"\" class=\"wp-image-1108445\" style=\"width:720px;height:auto\" srcset=\"\/wp-content\/uploads\/2024\/11\/Survivalisme-gestion-dun-stock-tournant.jpg 1200w, \/wp-content\/uploads\/2024\/11\/Survivalisme-gestion-dun-stock-tournant-300x169.jpg 300w, \/wp-content\/uploads\/2024\/11\/Survivalisme-gestion-dun-stock-tournant-1024x576.jpg 1024w, \/wp-content\/uploads\/2024\/11\/Survivalisme-gestion-dun-stock-tournant-768x432.jpg 768w, \/wp-content\/uploads\/2024\/11\/Survivalisme-gestion-dun-stock-tournant-133x75.jpg 133w, \/wp-content\/uploads\/2024\/11\/Survivalisme-gestion-dun-stock-tournant-480x270.jpg 480w\" sizes=\"auto, (max-width:767px) 480px, (max-width:1200px) 100vw, 1200px\" \/><figcaption class=\"wp-element-caption\"><em>Stock de nourriture pour la r\u00e9silience et le survivalisme<\/em>.<\/figcaption><\/figure>\n\n\n\n<p>Allouer une ou deux armoires de stockage dans un endroit frais et sec, \u00e0 l\u2019abri de la lumi\u00e8re et prot\u00e9g\u00e9 des nuisibles (souris, mites), ainsi qu\u2019immobiliser 500 \u00e0 1000\u20ac de c\u00e9r\u00e9ales, conserves, etc. en stock tournant peut s\u2019av\u00e9rer non seulement pratique au quotidien mais surtout prudent pour parer \u00e0 une crise sur le court terme. Pareil pour un stock d\u2019eau, de carburant et de m\u00e9dicaments. <strong>Il ne faut surtout pas stocker des choses que vous n\u2019utilisez pas habituellement.<\/strong><\/p>\n\n\n\n<h3 class=\"wp-block-heading\">La mise en place d&#8217;une planification de production \u00e0 domicile<\/h3>\n\n\n\n<p>Pour le reste, notamment les produits frais, la mise en place d\u2019une planification de<strong> production \u00e0 domicile quotidienne <\/strong>peut vous apporter le reste de s\u00e9curit\u00e9 attendue dans une optique de r\u00e9silience. Installer des \u00e9quipements et prendre l\u2019habitude d\u2019\u00eatre autonome en l\u00e9gumes, en \u0153ufs, en fruits, en eau, peut grandement contribuer \u00e0 la s\u00e9curit\u00e9 d\u2019une bonne partie des citoyens Europ\u00e9ens. Pour cela, nous vous renvoyons \u00e0 <a href=\"https:\/\/myfood.eu\/fr\/2023\/07\/autonomie-alimentaire-avec-une-serre-possible-ou-pas\/\">cet article qui d\u00e9taille la mise en \u0153uvre concr\u00e8te.<\/a><\/p>\n\n\n\n<div style=\"height:30px\" aria-hidden=\"true\" class=\"wp-block-spacer\"><\/div>\n\n\n\n<div class=\"wp-block-buttons is-content-justification-center is-layout-flex wp-container-core-buttons-is-layout-3 wp-block-buttons-is-layout-flex\">\n<div class=\"wp-block-button has-custom-font-size\" style=\"font-size:18px\"><a class=\"wp-block-button__link has-white-color has-text-color has-background has-text-align-center wp-element-button\" href=\"https:\/\/myfood.typeform.com\/pionnier-fr?source=blog-article-resilience\" style=\"background-color:#2ea736\" target=\"_blank\" rel=\"noreferrer noopener\">Je me s\u00e9curise au plus vite<\/a><\/div>\n<\/div>\n\n\n\n<div style=\"height:30px\" aria-hidden=\"true\" class=\"wp-block-spacer\"><\/div>\n\n\n\n<h2 class=\"wp-block-heading\">La serre Myfood dans un contexte de crise majeure<\/h2>\n\n\n\n<p>Au quotidien chez nos \u00e9quipes, le sujet de la r\u00e9silience et du survivalisme revient tr\u00e8s r\u00e9guli\u00e8rement. Que ce soit pour d\u00e9couvrir comment retrouver son autonomie alimentaire \u00e0 domicile, ou pour <strong>challenger la capacit\u00e9 de <\/strong><a href=\"https:\/\/myfood.eu\/fr\/serre-jardin\/serre-innovante\/\"><strong>la serre Myfood<\/strong><\/a><strong> en situation de choc de soci\u00e9t\u00e9<\/strong>, nous apportons des r\u00e9ponses pr\u00e9cises.<\/p>\n\n\n\n<p>Voici donc le \u00ab&nbsp;FAQ du survivaliste Myfood&nbsp;\u00bb&nbsp;\ud83d\ude09&nbsp;:<\/p>\n\n\n\n<h4 class=\"wp-block-heading\"><strong>Q&nbsp;:<\/strong> <strong>Quelle r\u00e9sistance de la serre aux al\u00e9as climatiques<\/strong>&nbsp;(notamment le vent, les inondations, la gr\u00eale, etc.)&nbsp;?<\/h4>\n\n\n\n<p><strong>R&nbsp;: <\/strong>Depuis 10 ans, notre parc d\u00e9sormais vaste, de serres install\u00e9es&nbsp; est mis \u00e0 l\u2019\u00e9preuve de contraintes climatiques fortes<\/p>\n\n\n\n<ul class=\"wp-block-list\">\n<li>Cas de temp\u00eates : les serres Myfood ont r\u00e9sist\u00e9 aux nombreuses temp\u00eates survenues en Bretagne et sur l\u2019\u00eele de la R\u00e9union. Nous avons d\u00e9velopp\u00e9 un ancrage renforc\u00e9 en cas de localisation expos\u00e9e. Contre les inondations, il est possible d\u2019opter pour la fondation sur vis pour sur\u00e9lever la structure de la serre.<\/li>\n\n\n\n<li>Cas de fortes gr\u00eales (\u00e7a nous conna\u00eet on est Alsaciens \ud83d\ude09) : sauf cas extr\u00eame, le verre tremp\u00e9 est tout aussi r\u00e9sistant que des pare-brises automobiles. Les commandes de remplacement pour gr\u00eale sont rarissimes chez Myfood. Quoi qu\u2019il en soit, <strong>un choix judicieux de l\u2019emplacement de votre serre sera d\u00e9terminant pour garantir sa durabilit\u00e9.<\/strong><\/li>\n<\/ul>\n\n\n\n<figure class=\"wp-block-image size-full\"><img loading=\"lazy\" decoding=\"async\" width=\"1102\" height=\"629\" src=\"\/wp-content\/uploads\/2024\/11\/Serre-Famille-Labarge-1-1.jpg\" alt=\"\" class=\"wp-image-1108487\" style=\"object-fit:cover\" srcset=\"\/wp-content\/uploads\/2024\/11\/Serre-Famille-Labarge-1-1.jpg 1102w, \/wp-content\/uploads\/2024\/11\/Serre-Famille-Labarge-1-1-300x171.jpg 300w, \/wp-content\/uploads\/2024\/11\/Serre-Famille-Labarge-1-1-1024x584.jpg 1024w, \/wp-content\/uploads\/2024\/11\/Serre-Famille-Labarge-1-1-768x438.jpg 768w, \/wp-content\/uploads\/2024\/11\/Serre-Famille-Labarge-1-1-131x75.jpg 131w, \/wp-content\/uploads\/2024\/11\/Serre-Famille-Labarge-1-1-480x274.jpg 480w\" sizes=\"auto, (max-width:767px) 480px, (max-width:1102px) 100vw, 1102px\" \/><figcaption class=\"wp-element-caption\"><em>Une serre Myfood, un outil pour le survivalisme et la r\u00e9silience.<\/em><\/figcaption><\/figure>\n\n\n\n<h4 class=\"wp-block-heading\"><strong>Q&nbsp;: Comment fonctionner en autonomie en cas de rupture d\u2019approvisionnement \u00e9lectrique&nbsp;?<\/strong><\/h4>\n\n\n\n<p><strong>R&nbsp;: <\/strong>La serre consomme tr\u00e8s peu d\u2019\u00e9lectricit\u00e9 et <a href=\"https:\/\/wiki.myfood.eu\/docs\/les-modules-personnalis%C3%A9s#module-solaire\"><strong>le module solaire<\/strong><\/a><strong> est sp\u00e9cialement con\u00e7u dans une optique de r\u00e9silience<\/strong>. Les quatre panneaux et les deux batteries, ainsi qu\u2019une consommation sobre des organes vitaux de la serre permettent de pr\u00e9server le fonctionnement de la pompe, de la ventilation, des capteurs, et du bulleur. Dans cette situation alternative, seuls les modules d\u2019\u00e9clairage ou de chauffage ne pourront pas fonctionner. Veillez aussi \u00e0 installer le module r\u00e9cup\u00e9rateurs d\u2019eau si vous craignez une rupture d\u2019approvisionnement par chez vous.<\/p>\n\n\n\n<h4 class=\"wp-block-heading\"><strong>Q&nbsp;: Quid de l\u2019autonomie en consommables si Myfood ne peut plus livrer chez moi&nbsp;?<\/strong><\/h4>\n\n\n\n<p><strong>R&nbsp;: <\/strong>Dans une optique de survivalisme ou simplement d\u2019ind\u00e9pendance sur une longue dur\u00e9e, il suffit de faire un stock de graines (ou de r\u00e9cup\u00e9rer ses semences) et de provisionner une vingtaine de litres d\u2019engrais bioponiques dans un endroit frais et sec. <br>Avec ces \u00e9l\u00e9ments, il est possible de s\u2019assurer une autonomie de presque deux ans sans aucun probl\u00e8me, et ainsi garantir votre approvisionnement en l\u00e9gume pour votre foyer. Il est aussi recommand\u00e9 de conserver un peu <a href=\"https:\/\/shop.myfood.eu\/fr\/products\/aphid-control-with-nettle-manure-1-5l\">de traitement naturel pour les nuisibles<\/a>. Il est possible de fabriquer vos propres engrais ! Si le sujet vous int\u00e9resse, n&#8217;h\u00e9sitez pas \u00e0 nous contacter <a href=\"https:\/\/myfood.eu\/entretien-decouverte\">ici<\/a><\/p>\n\n\n\n<h4 class=\"wp-block-heading\"><strong>Q&nbsp;: Et sans internet&nbsp;? Comment faire fonctionner la serre&nbsp;?<\/strong><\/h4>\n\n\n\n<p><strong>R&nbsp;: <\/strong>La serre int\u00e8gre nativement un mode de fonctionnement local par wifi pour consulter les donn\u00e9es de capteurs de la serre,<strong> de mani\u00e8re compl\u00e8tement ind\u00e9pendante du r\u00e9seau t\u00e9l\u00e9phonique ou internet.<\/strong> Le r\u00e9seau Sigfox, utilis\u00e9 pour nos serre, est un r\u00e9seau mondial d\u00e9di\u00e9 aux objets connect\u00e9s, con\u00e7u pour offrir une connectivit\u00e9 longue port\u00e9e avec une tr\u00e8s faible consommation d&#8217;\u00e9nergie. Contrairement aux r\u00e9seaux Internet ou t\u00e9l\u00e9phoniques classiques, Sigfox limite la quantit\u00e9 de donn\u00e9es transf\u00e9r\u00e9es mais garantit une couverture \u00e9tendue, m\u00eame dans des zones rurales ou \u00e9loign\u00e9es. Comme il ne d\u00e9pend pas d\u2019Internet, les communications sont plus s\u00fbres, parfaites pour les serres connect\u00e9es de Myfood.<\/p>\n\n\n\n<p>Alors en conclusion, ne tardez pas \u00e0 prendre les dispositions au plus t\u00f4t pour amener le bon degr\u00e9 de r\u00e9silience \u00e0 votre foyer&nbsp;et surtout notez que vous pouvez <strong>encore profiter des tarifs Myfood 2024 jusque fin novembre&nbsp;!<\/strong><\/p>\n\n\n\n<div style=\"height:30px\" aria-hidden=\"true\" class=\"wp-block-spacer\"><\/div>\n\n\n\n<div class=\"wp-block-buttons is-content-justification-center is-layout-flex wp-container-core-buttons-is-layout-4 wp-block-buttons-is-layout-flex\">\n<div class=\"wp-block-button has-custom-font-size\" style=\"font-size:18px\"><a class=\"wp-block-button__link has-white-color has-text-color has-background has-text-align-center wp-element-button\" href=\"https:\/\/myfood.typeform.com\/pionnier-fr?source=blog-article-resilience\" style=\"background-color:#2ea736\" target=\"_blank\" rel=\"noreferrer noopener\">Je veux encore profiter des tarifs 2024<\/a><\/div>\n<\/div>\n\n\n\n<div style=\"height:30px\" aria-hidden=\"true\" class=\"wp-block-spacer\"><\/div>\n","protected":false},"excerpt":{"rendered":"<p>Une approche pragmatique du survivalisme et de la r\u00e9silience Pand\u00e9mie, climat d\u00e9r\u00e9gl\u00e9, guerre : la pr\u00e9occupation des citoyens en recherche d\u2019autonomie est croissante au point d\u2019atteindre<span class=\"excerpt-hellip\"> [\u2026]<\/span><\/p>\n","protected":false},"author":1,"featured_media":1108451,"comment_status":"closed","ping_status":"closed","sticky":false,"template":"","format":"standard","meta":{"footnotes":"[]"},"categories":[334,335],"tags":[154,155,162,394,165,50,166],"class_list":["post-1108433","post","type-post","status-publish","format-standard","has-post-thumbnail","hentry","category-devenir-autonome","category-societe","tag-alimentation","tag-autoconsommation","tag-automne","tag-communaute-fr","tag-resilience","tag-serre","tag-survivalisme"],"yoast_head":"<!-- This site is optimized with the Yoast SEO plugin v24.7 - https:\/\/yoast.com\/wordpress\/plugins\/seo\/ -->\n<title>Vite, ma serre !<\/title>\n<meta name=\"description\" content=\"Survivalisme et r\u00e9silience : face \u00e0 la pand\u00e9mie, au climat et aux conflits, l\u2019autonomie attire de plus en plus de citoyens.\" \/>\n<meta name=\"robots\" content=\"index, follow, max-snippet:-1, max-image-preview:large, max-video-preview:-1\" \/>\n<link rel=\"canonical\" href=\"https:\/\/myfood.eu\/fr\/2024\/11\/vite-ma-serre\/\" \/>\n<meta property=\"og:locale\" content=\"fr_FR\" \/>\n<meta property=\"og:type\" content=\"article\" \/>\n<meta property=\"og:title\" content=\"Vite, ma serre !\" \/>\n<meta property=\"og:description\" content=\"Survivalisme et r\u00e9silience : face \u00e0 la pand\u00e9mie, au climat et aux conflits, l\u2019autonomie attire de plus en plus de citoyens.\" \/>\n<meta property=\"og:url\" content=\"https:\/\/myfood.eu\/fr\/2024\/11\/vite-ma-serre\/\" \/>\n<meta property=\"og:site_name\" content=\"myfood - Serre innovante et Permaculture\" \/>\n<meta property=\"article:published_time\" content=\"2024-11-19T08:23:05+00:00\" \/>\n<meta property=\"article:modified_time\" content=\"2025-11-25T15:12:20+00:00\" \/>\n<meta property=\"og:image\" content=\"https:\/\/myfood-61b028269c-adhzhdbbh9gpahcz.z01.azurefd.net\/blobmyfood61b028269c\/wp-content\/uploads\/2024\/11\/Survivalisme-apres-les-inondations-1.jpg\" \/>\n\t<meta property=\"og:image:width\" content=\"1200\" \/>\n\t<meta property=\"og:image:height\" content=\"675\" \/>\n\t<meta property=\"og:image:type\" content=\"image\/jpeg\" \/>\n<meta name=\"author\" content=\"admin\" \/>\n<meta name=\"twitter:card\" content=\"summary_large_image\" \/>\n<meta name=\"twitter:creator\" content=\"@admin@myfood.eu\" \/>\n<meta name=\"twitter:label1\" content=\"\u00c9crit par\" \/>\n\t<meta name=\"twitter:data1\" content=\"admin\" \/>\n\t<meta name=\"twitter:label2\" content=\"Dur\u00e9e de lecture estim\u00e9e\" \/>\n\t<meta name=\"twitter:data2\" content=\"7 minutes\" \/>\n<script type=\"application\/ld+json\" class=\"yoast-schema-graph\">{\"@context\":\"https:\/\/schema.org\",\"@graph\":[{\"@type\":\"WebPage\",\"@id\":\"https:\/\/myfood.eu\/fr\/2024\/11\/vite-ma-serre\/\",\"url\":\"https:\/\/myfood.eu\/fr\/2024\/11\/vite-ma-serre\/\",\"name\":\"Vite, ma serre !\",\"isPartOf\":{\"@id\":\"https:\/\/myfood.eu\/fr\/#website\"},\"primaryImageOfPage\":{\"@id\":\"https:\/\/myfood.eu\/fr\/2024\/11\/vite-ma-serre\/#primaryimage\"},\"image\":{\"@id\":\"https:\/\/myfood.eu\/fr\/2024\/11\/vite-ma-serre\/#primaryimage\"},\"thumbnailUrl\":\"\/wp-content\/uploads\/2024\/11\/Survivalisme-apres-les-inondations-1.jpg\",\"datePublished\":\"2024-11-19T08:23:05+00:00\",\"dateModified\":\"2025-11-25T15:12:20+00:00\",\"author\":{\"@id\":\"https:\/\/myfood.eu\/fr\/#\/schema\/person\/66baf1e5a9518dc0cf5050e34a6759bd\"},\"description\":\"Survivalisme et r\u00e9silience : face \u00e0 la pand\u00e9mie, au climat et aux conflits, l\u2019autonomie attire de plus en plus de citoyens.\",\"breadcrumb\":{\"@id\":\"https:\/\/myfood.eu\/fr\/2024\/11\/vite-ma-serre\/#breadcrumb\"},\"inLanguage\":\"fr-FR\",\"potentialAction\":[{\"@type\":\"ReadAction\",\"target\":[\"https:\/\/myfood.eu\/fr\/2024\/11\/vite-ma-serre\/\"]}]},{\"@type\":\"ImageObject\",\"inLanguage\":\"fr-FR\",\"@id\":\"https:\/\/myfood.eu\/fr\/2024\/11\/vite-ma-serre\/#primaryimage\",\"url\":\"\/wp-content\/uploads\/2024\/11\/Survivalisme-apres-les-inondations-1.jpg\",\"contentUrl\":\"\/wp-content\/uploads\/2024\/11\/Survivalisme-apres-les-inondations-1.jpg\",\"width\":1200,\"height\":675},{\"@type\":\"BreadcrumbList\",\"@id\":\"https:\/\/myfood.eu\/fr\/2024\/11\/vite-ma-serre\/#breadcrumb\",\"itemListElement\":[{\"@type\":\"ListItem\",\"position\":1,\"name\":\"Home\",\"item\":\"https:\/\/myfood.eu\/fr\/\"},{\"@type\":\"ListItem\",\"position\":2,\"name\":\"Vite, ma serre !\"}]},{\"@type\":\"WebSite\",\"@id\":\"https:\/\/myfood.eu\/fr\/#website\",\"url\":\"https:\/\/myfood.eu\/fr\/\",\"name\":\"myfood - Serre innovante et Permaculture\",\"description\":\"Se reconnecter \u00e0 son alimentation\",\"potentialAction\":[{\"@type\":\"SearchAction\",\"target\":{\"@type\":\"EntryPoint\",\"urlTemplate\":\"https:\/\/myfood.eu\/fr\/?s={search_term_string}\"},\"query-input\":{\"@type\":\"PropertyValueSpecification\",\"valueRequired\":true,\"valueName\":\"search_term_string\"}}],\"inLanguage\":\"fr-FR\"},{\"@type\":\"Person\",\"@id\":\"https:\/\/myfood.eu\/fr\/#\/schema\/person\/66baf1e5a9518dc0cf5050e34a6759bd\",\"name\":\"admin\",\"image\":{\"@type\":\"ImageObject\",\"inLanguage\":\"fr-FR\",\"@id\":\"https:\/\/myfood.eu\/fr\/#\/schema\/person\/image\/\",\"url\":\"https:\/\/secure.gravatar.com\/avatar\/ad33338237077d3cb1a62a1997e5bf78?s=96&d=mm&r=g\",\"contentUrl\":\"https:\/\/secure.gravatar.com\/avatar\/ad33338237077d3cb1a62a1997e5bf78?s=96&d=mm&r=g\",\"caption\":\"admin\"},\"sameAs\":[\"https:\/\/myfood.eu\",\"https:\/\/x.com\/admin@myfood.eu\"],\"url\":\"https:\/\/myfood.eu\/fr\/author\/admin\/\"}]}<\/script>\n<!-- \/ Yoast SEO plugin. -->","yoast_head_json":{"title":"Vite, ma serre !","description":"Survivalisme et r\u00e9silience : face \u00e0 la pand\u00e9mie, au climat et aux conflits, l\u2019autonomie attire de plus en plus de citoyens.","robots":{"index":"index","follow":"follow","max-snippet":"max-snippet:-1","max-image-preview":"max-image-preview:large","max-video-preview":"max-video-preview:-1"},"canonical":"https:\/\/myfood.eu\/fr\/2024\/11\/vite-ma-serre\/","og_locale":"fr_FR","og_type":"article","og_title":"Vite, ma serre !","og_description":"Survivalisme et r\u00e9silience : face \u00e0 la pand\u00e9mie, au climat et aux conflits, l\u2019autonomie attire de plus en plus de citoyens.","og_url":"https:\/\/myfood.eu\/fr\/2024\/11\/vite-ma-serre\/","og_site_name":"myfood - Serre innovante et Permaculture","article_published_time":"2024-11-19T08:23:05+00:00","article_modified_time":"2025-11-25T15:12:20+00:00","og_image":[{"width":1200,"height":675,"url":"https:\/\/myfood-61b028269c-adhzhdbbh9gpahcz.z01.azurefd.net\/blobmyfood61b028269c\/wp-content\/uploads\/2024\/11\/Survivalisme-apres-les-inondations-1.jpg","type":"image\/jpeg"}],"author":"admin","twitter_card":"summary_large_image","twitter_creator":"@admin@myfood.eu","twitter_misc":{"\u00c9crit par":"admin","Dur\u00e9e de lecture estim\u00e9e":"7 minutes"},"schema":{"@context":"https:\/\/schema.org","@graph":[{"@type":"WebPage","@id":"https:\/\/myfood.eu\/fr\/2024\/11\/vite-ma-serre\/","url":"https:\/\/myfood.eu\/fr\/2024\/11\/vite-ma-serre\/","name":"Vite, ma serre !","isPartOf":{"@id":"https:\/\/myfood.eu\/fr\/#website"},"primaryImageOfPage":{"@id":"https:\/\/myfood.eu\/fr\/2024\/11\/vite-ma-serre\/#primaryimage"},"image":{"@id":"https:\/\/myfood.eu\/fr\/2024\/11\/vite-ma-serre\/#primaryimage"},"thumbnailUrl":"\/wp-content\/uploads\/2024\/11\/Survivalisme-apres-les-inondations-1.jpg","datePublished":"2024-11-19T08:23:05+00:00","dateModified":"2025-11-25T15:12:20+00:00","author":{"@id":"https:\/\/myfood.eu\/fr\/#\/schema\/person\/66baf1e5a9518dc0cf5050e34a6759bd"},"description":"Survivalisme et r\u00e9silience : face \u00e0 la pand\u00e9mie, au climat et aux conflits, l\u2019autonomie attire de plus en plus de citoyens.","breadcrumb":{"@id":"https:\/\/myfood.eu\/fr\/2024\/11\/vite-ma-serre\/#breadcrumb"},"inLanguage":"fr-FR","potentialAction":[{"@type":"ReadAction","target":["https:\/\/myfood.eu\/fr\/2024\/11\/vite-ma-serre\/"]}]},{"@type":"ImageObject","inLanguage":"fr-FR","@id":"https:\/\/myfood.eu\/fr\/2024\/11\/vite-ma-serre\/#primaryimage","url":"\/wp-content\/uploads\/2024\/11\/Survivalisme-apres-les-inondations-1.jpg","contentUrl":"\/wp-content\/uploads\/2024\/11\/Survivalisme-apres-les-inondations-1.jpg","width":1200,"height":675},{"@type":"BreadcrumbList","@id":"https:\/\/myfood.eu\/fr\/2024\/11\/vite-ma-serre\/#breadcrumb","itemListElement":[{"@type":"ListItem","position":1,"name":"Home","item":"https:\/\/myfood.eu\/fr\/"},{"@type":"ListItem","position":2,"name":"Vite, ma serre !"}]},{"@type":"WebSite","@id":"https:\/\/myfood.eu\/fr\/#website","url":"https:\/\/myfood.eu\/fr\/","name":"myfood - Serre innovante et Permaculture","description":"Se reconnecter \u00e0 son alimentation","potentialAction":[{"@type":"SearchAction","target":{"@type":"EntryPoint","urlTemplate":"https:\/\/myfood.eu\/fr\/?s={search_term_string}"},"query-input":{"@type":"PropertyValueSpecification","valueRequired":true,"valueName":"search_term_string"}}],"inLanguage":"fr-FR"},{"@type":"Person","@id":"https:\/\/myfood.eu\/fr\/#\/schema\/person\/66baf1e5a9518dc0cf5050e34a6759bd","name":"admin","image":{"@type":"ImageObject","inLanguage":"fr-FR","@id":"https:\/\/myfood.eu\/fr\/#\/schema\/person\/image\/","url":"https:\/\/secure.gravatar.com\/avatar\/ad33338237077d3cb1a62a1997e5bf78?s=96&d=mm&r=g","contentUrl":"https:\/\/secure.gravatar.com\/avatar\/ad33338237077d3cb1a62a1997e5bf78?s=96&d=mm&r=g","caption":"admin"},"sameAs":["https:\/\/myfood.eu","https:\/\/x.com\/admin@myfood.eu"],"url":"https:\/\/myfood.eu\/fr\/author\/admin\/"}]}},"_links":{"self":[{"href":"https:\/\/myfood.eu\/fr\/wp-json\/wp\/v2\/posts\/1108433","targetHints":{"allow":["GET"]}}],"collection":[{"href":"https:\/\/myfood.eu\/fr\/wp-json\/wp\/v2\/posts"}],"about":[{"href":"https:\/\/myfood.eu\/fr\/wp-json\/wp\/v2\/types\/post"}],"author":[{"embeddable":true,"href":"https:\/\/myfood.eu\/fr\/wp-json\/wp\/v2\/users\/1"}],"replies":[{"embeddable":true,"href":"https:\/\/myfood.eu\/fr\/wp-json\/wp\/v2\/comments?post=1108433"}],"version-history":[{"count":1,"href":"https:\/\/myfood.eu\/fr\/wp-json\/wp\/v2\/posts\/1108433\/revisions"}],"predecessor-version":[{"id":1117500,"href":"https:\/\/myfood.eu\/fr\/wp-json\/wp\/v2\/posts\/1108433\/revisions\/1117500"}],"wp:featuredmedia":[{"embeddable":true,"href":"https:\/\/myfood.eu\/fr\/wp-json\/wp\/v2\/media\/1108451"}],"wp:attachment":[{"href":"https:\/\/myfood.eu\/fr\/wp-json\/wp\/v2\/media?parent=1108433"}],"wp:term":[{"taxonomy":"category","embeddable":true,"href":"https:\/\/myfood.eu\/fr\/wp-json\/wp\/v2\/categories?post=1108433"},{"taxonomy":"post_tag","embeddable":true,"href":"https:\/\/myfood.eu\/fr\/wp-json\/wp\/v2\/tags?post=1108433"}],"curies":[{"name":"wp","href":"https:\/\/api.w.org\/{rel}","templated":true}]}}