{"id":1108661,"date":"2024-12-05T11:00:11","date_gmt":"2024-12-05T10:00:11","guid":{"rendered":"https:\/\/www.myfood.eu\/?p=1108661"},"modified":"2025-11-25T16:12:20","modified_gmt":"2025-11-25T15:12:20","slug":"augmentation-des-pesticides-votre-region-est-elle-concernee","status":"publish","type":"post","link":"https:\/\/myfood.eu\/fr\/2024\/12\/augmentation-des-pesticides-votre-region-est-elle-concernee\/","title":{"rendered":"Augmentation des pesticides, votre r\u00e9gion est-elle concern\u00e9e ?"},"content":{"rendered":"\n<p class=\"has-x-large-font-size\">L&#8217;utilisation des pesticides en France, sujet complexe et pol\u00e9mique.<\/p>\n\n\n\n<p>Malgr\u00e9 les initiatives gouvernementales visant \u00e0 r\u00e9duire leur usage, la tendance concernant l\u2019usage des pesticides est <strong>largement \u00e0 la hausse<\/strong>.<br><br>La pression de l&#8217;agriculture intensive pour maintenir des rendements \u00e9lev\u00e9s pousse environ 90% des agriculteurs \u00e0 continuer (et m\u00eame augmenter) l&#8217;usage des produits phytosanitaires malgr\u00e9 les campagnes de sensibilisation et les aides financi\u00e8res mises en place depuis.<br><br>Par ailleurs, les consommateurs exigent de plus en plus des produits plus s\u00fbrs, renfor\u00e7ant la n\u00e9cessit\u00e9 d&#8217;une transition vers des pratiques agricoles plus durables.<\/p>\n\n\n\n<figure class=\"wp-block-image size-full\"><a href=\"https:\/\/solagro.org\/\"><img loading=\"lazy\" decoding=\"async\" width=\"827\" height=\"847\" src=\"\/wp-content\/uploads\/2024\/12\/Carte-de-France-Augmentation-des-pesticides.jpg\" alt=\"\" class=\"wp-image-1108668\" style=\"object-fit:cover\" srcset=\"\/wp-content\/uploads\/2024\/12\/Carte-de-France-Augmentation-des-pesticides.jpg 827w, \/wp-content\/uploads\/2024\/12\/Carte-de-France-Augmentation-des-pesticides-293x300.jpg 293w, \/wp-content\/uploads\/2024\/12\/Carte-de-France-Augmentation-des-pesticides-768x787.jpg 768w, \/wp-content\/uploads\/2024\/12\/Carte-de-France-Augmentation-des-pesticides-73x75.jpg 73w, \/wp-content\/uploads\/2024\/12\/Carte-de-France-Augmentation-des-pesticides-480x492.jpg 480w\" sizes=\"auto, (max-width:767px) 480px, (max-width:827px) 100vw, 827px\" \/><\/a><figcaption class=\"wp-element-caption\"><em>R\u00e9partition de l&#8217;\u00e9volution globale de l&#8217;utilisation des pesticides en Franc<\/em>e<\/figcaption><\/figure>\n\n\n\n<div style=\"height:30px\" aria-hidden=\"true\" class=\"wp-block-spacer\"><\/div>\n\n\n\n<h2 class=\"wp-block-heading\">Augmentation de l&#8217;utilisation des pesticides<\/h2>\n\n\n\n<p><a href=\"https:\/\/solagro.org\/nos-domaines-d-intervention\/agroecologie\/carte-pesticides-adonis\">L\u2019association Solagro<\/a> confirme en novembre 2024 une tendance \u00e0 la hausse de l\u2019utilisation des produits phytosanitaires entre 2020 et 2022. <strong>En Normandie, <\/strong>par exemple, cette augmentation est particuli\u00e8rement marqu\u00e9e, mettant l\u00e9gitimement en doute l&#8217;efficacit\u00e9 des strat\u00e9gies de r\u00e9duction envisag\u00e9es par le gouvernement. <\/p>\n\n\n\n<p><a href=\"https:\/\/solagro.org\/images\/imagesCK\/files\/domaines-intervention\/agroecologie\/Presentation_des_resultats_Carte_sur_l_usage_des_pesticides.pdf\">La carte de France<\/a> r\u00e9v\u00e8le des disparit\u00e9s dans l\u2019utilisation des pesticides selon les r\u00e9gions. Certaines zones, notamment en montagne ou pr\u00e8s des c\u00f4tes, b\u00e9n\u00e9ficient d\u2019une protection accrue, gr\u00e2ce \u00e0 des syst\u00e8mes agricoles combinant polyculture et \u00e9levage de ruminants.<\/p>\n\n\n\n<p>\u00c0 l\u2019oppos\u00e9, les zones agricoles sp\u00e9cialis\u00e9es dans les grandes cultures, la viticulture ou l\u2019arboriculture fruiti\u00e8re, comme dans le grand bassin parisien, pr\u00e9sentent une utilisation plus \u00e9lev\u00e9e de pesticides, en raison de l\u2019intensification de ces types de production. Le bl\u00e9 tendre, le colza, l\u2019orge et la vigne repr\u00e9sentent entre 65 et 67% de l\u2019utilisation entre 2020 et 2022. Un chiffre pr\u00e9occupant, notamment lorsque l&#8217;on constate que les surfaces d\u00e9di\u00e9es \u00e0 <a href=\"https:\/\/solagro.org\/images\/imagesCK\/files\/domaines-intervention\/agroecologie\/Presentation_des_resultats_Carte_sur_l_usage_des_pesticides.pdf\">l\u2019agriculture biologique dans les grandes cultures n&#8217;atteignent que 4%<\/a>, contre 10,4% en 2023.<\/p>\n\n\n\n<h2 class=\"wp-block-heading\">Le plan Ecophyto, un sentiment d&#8217;\u00e9chec<\/h2>\n\n\n\n<p>Le plan <a href=\"https:\/\/agriculture.gouv.fr\/le-plan-ecophyto-quest-ce-que-cest\">Ecophyto<\/a>, lanc\u00e9 en 2008 par le gouvernement fran\u00e7ais pour r\u00e9duire de 50% l&#8217;utilisation des produits phytosanitaires d&#8217;ici 2025, n&#8217;a pas permis d&#8217;atteindre cet objectif jusqu&#8217;\u00e0 pr\u00e9sent.<\/p>\n\n\n\n<p>Et pour cause, en mai 2024, Le Monde publie <a href=\"https:\/\/www.lemonde.fr\/les-decodeurs\/article\/2024\/05\/03\/pesticides-comment-le-changement-d-indicateur-permet-artificiellement-d-atteindre-les-objectifs-du-plan-ecophyto_6231374_4355770.html\">un article<\/a> au sujet des r\u00e9sultats trompeurs du plan Ecophyto obtenus gr\u00e2ce \u00e0 une habile manipulation des indices de suivi des pesticides, permettant \u00e0 l\u2019\u00e9tat de promouvoir la r\u00e9ussite (pourtant artificielle) dudit plan.<\/p>\n\n\n\n<p>En d\u00e9pit des efforts pour encourager les alternatives biologiques et des pratiques agricoles plus durables nous sommes loin d\u2019atteindre cette diminution. Les ventes de pesticides ont augment\u00e9 en moyenne de 3% en 12 ans. Le constat est inqui\u00e9tant, cette augmentation et la carte Adonis nous montrent qu\u2019aucune baisse n\u2019est en cours mais surtout que <strong>la courbe n&#8217;a jamais cess\u00e9 de grimper.<\/strong><\/p>\n\n\n\n<div style=\"height:20px\" aria-hidden=\"true\" class=\"wp-block-spacer\"><\/div>\n\n\n\n<div class=\"wp-block-buttons is-content-justification-center is-layout-flex wp-container-core-buttons-is-layout-1 wp-block-buttons-is-layout-flex\">\n<div class=\"wp-block-button has-custom-font-size\" style=\"font-size:18px\"><a class=\"wp-block-button__link has-white-color has-text-color has-background has-text-align-center wp-element-button\" href=\"https:\/\/myfood.typeform.com\/pionnier-fr?source=blog-article-dec24pesticides\" style=\"background-color:#2ea736\" target=\"_blank\" rel=\"noreferrer noopener\">Je veux en discuter avec vous<\/a><\/div>\n<\/div>\n\n\n\n<div style=\"height:40px\" aria-hidden=\"true\" class=\"wp-block-spacer\"><\/div>\n\n\n\n<h2 class=\"wp-block-heading\">Et le bio dans tout \u00e7a ? <\/h2>\n\n\n\n<p>Au quotidien chez Myfood, le sujet du bio et des produits phytosanitaires revient tr\u00e8s r\u00e9guli\u00e8rement dans les discussions. En effet, les consommateurs ont de plus en plus conscience de la n\u00e9cessit\u00e9 d&#8217;un <strong>changement de mod\u00e8le<\/strong> agricole.<\/p>\n\n\n\n<p>Le secteur de l&#8217;agriculture biologique en Europe a d&#8217;ailleurs connu ces derni\u00e8res ann\u00e9es un d\u00e9veloppement important, notamment avec une <a href=\"https:\/\/www.lafranceagricole.fr\/agriculture-biologique\/article\/862991\/forte-hausse-des-surfaces-mondiales-en-bioen-2022\">hausse des surfaces agricoles certifi\u00e9es en bio<\/a>. Elles ont atteint 18,5 millions d\u2019hectare en 2022. L\u2019Europe repr\u00e9sente alors 19% des surfaces bio mondiales.<\/p>\n\n\n\n<p>Cependant, <strong>la fili\u00e8re a r\u00e9ellement pris du plomb dans l&#8217;aile<\/strong> ces deux derni\u00e8res ann\u00e9es. <\/p>\n\n\n\n<p>On parle d\u00e9sormais de \u00ab\u00a0crise du bio\u00a0\u00bb avec\u00a0:<\/p>\n\n\n\n<ul class=\"wp-block-list\">\n<li>Le regain de la production intensive pour des raisons de souverainet\u00e9 alimentaire suite \u00e0 la guerre en Ukraine<\/li>\n\n\n\n<li>Le d\u00e9sengagement de l\u2019Etat face au soutien des fermes bio d\u00e9j\u00e0 install\u00e9es sous pr\u00e9texte que l\u2019essor du march\u00e9 suffirait \u00e0 soutenir la dynamique.<\/li>\n\n\n\n<li>L\u2019effondrement de la demande ayant conduit \u00e0 une surproduction de 30% de la plupart des produits bios et donc \u00e0 une revente en conventionnel ou \u00e0 la destruction directe des surplus.<\/li>\n\n\n\n<li>La fermeture des enseignes bio comme biocoop<\/li>\n\n\n\n<li>La concurrence du voisinage&nbsp;: <a href=\"https:\/\/www.letelegramme.fr\/economie\/agri-agro\/les-agriculteurs-bio-remontes-contre-un-herbicide-contaminant-et-de-plus-en-plus-utilise-6712217.php\"><strong>Les agriculteurs bio subissent les cons\u00e9quences<\/strong>&nbsp;des pratiques du voisinage.<\/a><\/li>\n<\/ul>\n\n\n\n<p>L\u2019adoption \u00e0 grande \u00e9chelle des techniques bio reste donc un d\u00e9fi majeur, surtout pour les producteurs isol\u00e9s.&nbsp;<\/p>\n\n\n\n<p>L\u2019augmentation des co\u00fbts de production et l&#8217;inflation ont s\u00e9v\u00e8rement impact\u00e9 \u00e0 la baisse les ventes du bio. La part du bio dans nos assiettes est redescendue en dessous des 6%. Cela n&#8217;est certainement pas li\u00e9 au fait que des consommateurs souhaitent prendre d&#8217;avantage de risques pour leur sant\u00e9. Non, soyons clair : la baisse du bio se fait soit par d\u00e9pit, soit m\u00eame par <a href=\"https:\/\/www.humanite.fr\/societe\/salon-de-lagriculture\/la-defiance-des-consommateurs-saccroit-envers-les-labels-bio-785092\">d\u00e9fiance envers les labels.<\/a><\/p>\n\n\n\n<figure class=\"wp-block-image size-full\"><img loading=\"lazy\" decoding=\"async\" width=\"1200\" height=\"675\" src=\"\/wp-content\/uploads\/2024\/12\/Augmentation-des-pesticides-serre-Myfood-2.jpg\" alt=\"\" class=\"wp-image-1108700\" style=\"object-fit:cover\" srcset=\"\/wp-content\/uploads\/2024\/12\/Augmentation-des-pesticides-serre-Myfood-2.jpg 1200w, \/wp-content\/uploads\/2024\/12\/Augmentation-des-pesticides-serre-Myfood-2-300x169.jpg 300w, \/wp-content\/uploads\/2024\/12\/Augmentation-des-pesticides-serre-Myfood-2-1024x576.jpg 1024w, \/wp-content\/uploads\/2024\/12\/Augmentation-des-pesticides-serre-Myfood-2-768x432.jpg 768w, \/wp-content\/uploads\/2024\/12\/Augmentation-des-pesticides-serre-Myfood-2-133x75.jpg 133w, \/wp-content\/uploads\/2024\/12\/Augmentation-des-pesticides-serre-Myfood-2-480x270.jpg 480w\" sizes=\"auto, (max-width:767px) 480px, (max-width:1200px) 100vw, 1200px\" \/><figcaption class=\"wp-element-caption\"><em>La production de la serre Myfood analys\u00e9e et garantie avec 0,00% de r\u00e9sidus.<\/em><\/figcaption><\/figure>\n\n\n\n<div style=\"height:15px\" aria-hidden=\"true\" class=\"wp-block-spacer\"><\/div>\n\n\n\n<h2 class=\"wp-block-heading\">Produire votre propre alimentation, garantie sans pesticide<\/h2>\n\n\n\n<p>Au-del\u00e0 de la pollution environnementale caus\u00e9e par les pesticides, leurs effets sur<strong> la sant\u00e9 humaine <a href=\"https:\/\/www.lemonde.fr\/planete\/article\/2016\/05\/11\/toujours-des-pesticides-dans-l-air-de-paris-mais-en-moindre-concentration_4917552_3244.html?lmd_medium=al&amp;lmd_campaign=envoye-par-appli&amp;lmd_creation=android&amp;lmd_source=default\">demeurent une source de pr\u00e9occupation majeure<\/a><\/strong>. Les <a href=\"https:\/\/www.ata-journal.org\/articles\/ata\/abs\/2009\/04\/ata09035\/ata09035.html\">\u00e9tudes scientifiques<\/a> se multiplient. Pour \u00e9chapper \u00e0 ce syst\u00e8me et s&#8217;assurer de consommer des produits frais et non trait\u00e9s, une solution simple existe : <strong>cultiver soi-m\u00eame (et d\u00e9finitivement !)<\/strong> ses propres l\u00e9gumes.<\/p>\n\n\n\n<p>Malheureusement, cultiver de mani\u00e8re classique reste difficile et pour cause&nbsp;: la qualit\u00e9 du sol m\u00e9diocre, peu de connaissances, pas le temps pour s\u2019en occuper ou encore les al\u00e9as climatiques de plus en plus impr\u00e9visibles. Et d&#8217;ailleurs, si l&#8217;on souhaite limiter la pollution ext\u00e9rieure,<strong> une serre devient une n\u00e9cessit\u00e9 incontournable.<\/strong><\/p>\n\n\n\n<p>Si vous souhaitez jeter un oeil sur <a href=\"https:\/\/myfood.eu\/fr\/serre-jardin\/production-intensive-et-durable\/\">nos r\u00e9sultats<\/a>, car nous avons rigoureusement con\u00e7u nos syst\u00e8mes pour rendre impossible tout type de pollution : pesticides, phtalates, m\u00e9taux lourds.&nbsp;<\/p>\n\n\n\n<p><strong>Aucun polluant d\u00e9tect\u00e9 sur le syst\u00e8me apr\u00e8s plusieurs ann\u00e9es d\u2019utilisation intensive<\/strong>.<\/p>\n\n\n\n<p>Un circuit ultra court sans pesticides et surtout respectueux de l\u2019environnement, alors qu\u2019attendez-vous&nbsp;?<\/p>\n\n\n\n<div style=\"height:20px\" aria-hidden=\"true\" class=\"wp-block-spacer\"><\/div>\n\n\n\n<div class=\"wp-block-buttons is-content-justification-center is-layout-flex wp-container-core-buttons-is-layout-2 wp-block-buttons-is-layout-flex\">\n<div class=\"wp-block-button has-custom-font-size\" style=\"font-size:18px\"><a class=\"wp-block-button__link has-white-color has-text-color has-background has-text-align-center wp-element-button\" href=\"https:\/\/myfood.typeform.com\/pionnier-fr?source=blog-article-dec24pesticides\" style=\"background-color:#2ea736\" target=\"_blank\" rel=\"noreferrer noopener\">Je cultive sainement<\/a><\/div>\n<\/div>\n\n\n\n<div style=\"height:30px\" aria-hidden=\"true\" class=\"wp-block-spacer\"><\/div>\n\n\n\n<p><\/p>\n","protected":false},"excerpt":{"rendered":"<p>L&#8217;utilisation des pesticides en France, sujet complexe et pol\u00e9mique. Malgr\u00e9 les initiatives gouvernementales visant \u00e0 r\u00e9duire leur usage, la tendance concernant l\u2019usage des pesticides est largement<span class=\"excerpt-hellip\"> [\u2026]<\/span><\/p>\n","protected":false},"author":1,"featured_media":1108665,"comment_status":"closed","ping_status":"closed","sticky":false,"template":"","format":"standard","meta":{"footnotes":"[]"},"categories":[333,330],"tags":[154,155,162,142,50],"class_list":["post-1108661","post","type-post","status-publish","format-standard","has-post-thumbnail","hentry","category-environnement","category-sante","tag-alimentation","tag-autoconsommation","tag-automne","tag-pesticides","tag-serre"],"yoast_head":"<!-- This site is optimized with the Yoast SEO plugin v24.7 - https:\/\/yoast.com\/wordpress\/plugins\/seo\/ -->\n<title>Augmentation des pesticides, votre r\u00e9gion est-elle concern\u00e9e ?<\/title>\n<meta name=\"description\" content=\"L&#039;utilisation des pesticides en France, sujet complexe et pol\u00e9mique. Malgr\u00e9 les initiatives gouvernementales visant \u00e0 r\u00e9duire leur usage, les donn\u00e9es montrent une tendance pr\u00e9occupante.\" \/>\n<meta name=\"robots\" content=\"index, follow, max-snippet:-1, max-image-preview:large, max-video-preview:-1\" \/>\n<link rel=\"canonical\" href=\"https:\/\/myfood.eu\/fr\/2024\/12\/augmentation-des-pesticides-votre-region-est-elle-concernee\/\" \/>\n<meta property=\"og:locale\" content=\"fr_FR\" \/>\n<meta property=\"og:type\" content=\"article\" \/>\n<meta property=\"og:title\" content=\"Augmentation des pesticides, votre r\u00e9gion est-elle concern\u00e9e ?\" \/>\n<meta property=\"og:description\" content=\"L&#039;utilisation des pesticides en France, sujet complexe et pol\u00e9mique. Malgr\u00e9 les initiatives gouvernementales visant \u00e0 r\u00e9duire leur usage, les donn\u00e9es montrent une tendance pr\u00e9occupante.\" \/>\n<meta property=\"og:url\" content=\"https:\/\/myfood.eu\/fr\/2024\/12\/augmentation-des-pesticides-votre-region-est-elle-concernee\/\" \/>\n<meta property=\"og:site_name\" content=\"myfood - Serre innovante et Permaculture\" \/>\n<meta property=\"article:published_time\" content=\"2024-12-05T10:00:11+00:00\" \/>\n<meta property=\"article:modified_time\" content=\"2025-11-25T15:12:20+00:00\" \/>\n<meta property=\"og:image\" content=\"https:\/\/myfood-61b028269c-adhzhdbbh9gpahcz.z01.azurefd.net\/blobmyfood61b028269c\/wp-content\/uploads\/2024\/12\/Augmentation-des-pesticides.jpg\" \/>\n\t<meta property=\"og:image:width\" content=\"1200\" \/>\n\t<meta property=\"og:image:height\" content=\"675\" \/>\n\t<meta property=\"og:image:type\" content=\"image\/jpeg\" \/>\n<meta name=\"author\" content=\"admin\" \/>\n<meta name=\"twitter:card\" content=\"summary_large_image\" \/>\n<meta name=\"twitter:creator\" content=\"@admin@myfood.eu\" \/>\n<meta name=\"twitter:label1\" content=\"\u00c9crit par\" \/>\n\t<meta name=\"twitter:data1\" content=\"admin\" \/>\n\t<meta name=\"twitter:label2\" content=\"Dur\u00e9e de lecture estim\u00e9e\" \/>\n\t<meta name=\"twitter:data2\" content=\"5 minutes\" \/>\n<script type=\"application\/ld+json\" class=\"yoast-schema-graph\">{\"@context\":\"https:\/\/schema.org\",\"@graph\":[{\"@type\":\"WebPage\",\"@id\":\"https:\/\/myfood.eu\/fr\/2024\/12\/augmentation-des-pesticides-votre-region-est-elle-concernee\/\",\"url\":\"https:\/\/myfood.eu\/fr\/2024\/12\/augmentation-des-pesticides-votre-region-est-elle-concernee\/\",\"name\":\"Augmentation des pesticides, votre r\u00e9gion est-elle concern\u00e9e ?\",\"isPartOf\":{\"@id\":\"https:\/\/myfood.eu\/fr\/#website\"},\"primaryImageOfPage\":{\"@id\":\"https:\/\/myfood.eu\/fr\/2024\/12\/augmentation-des-pesticides-votre-region-est-elle-concernee\/#primaryimage\"},\"image\":{\"@id\":\"https:\/\/myfood.eu\/fr\/2024\/12\/augmentation-des-pesticides-votre-region-est-elle-concernee\/#primaryimage\"},\"thumbnailUrl\":\"\/wp-content\/uploads\/2024\/12\/Augmentation-des-pesticides.jpg\",\"datePublished\":\"2024-12-05T10:00:11+00:00\",\"dateModified\":\"2025-11-25T15:12:20+00:00\",\"author\":{\"@id\":\"https:\/\/myfood.eu\/fr\/#\/schema\/person\/66baf1e5a9518dc0cf5050e34a6759bd\"},\"description\":\"L'utilisation des pesticides en France, sujet complexe et pol\u00e9mique. Malgr\u00e9 les initiatives gouvernementales visant \u00e0 r\u00e9duire leur usage, les donn\u00e9es montrent une tendance pr\u00e9occupante.\",\"breadcrumb\":{\"@id\":\"https:\/\/myfood.eu\/fr\/2024\/12\/augmentation-des-pesticides-votre-region-est-elle-concernee\/#breadcrumb\"},\"inLanguage\":\"fr-FR\",\"potentialAction\":[{\"@type\":\"ReadAction\",\"target\":[\"https:\/\/myfood.eu\/fr\/2024\/12\/augmentation-des-pesticides-votre-region-est-elle-concernee\/\"]}]},{\"@type\":\"ImageObject\",\"inLanguage\":\"fr-FR\",\"@id\":\"https:\/\/myfood.eu\/fr\/2024\/12\/augmentation-des-pesticides-votre-region-est-elle-concernee\/#primaryimage\",\"url\":\"\/wp-content\/uploads\/2024\/12\/Augmentation-des-pesticides.jpg\",\"contentUrl\":\"\/wp-content\/uploads\/2024\/12\/Augmentation-des-pesticides.jpg\",\"width\":1200,\"height\":675},{\"@type\":\"BreadcrumbList\",\"@id\":\"https:\/\/myfood.eu\/fr\/2024\/12\/augmentation-des-pesticides-votre-region-est-elle-concernee\/#breadcrumb\",\"itemListElement\":[{\"@type\":\"ListItem\",\"position\":1,\"name\":\"Home\",\"item\":\"https:\/\/myfood.eu\/fr\/\"},{\"@type\":\"ListItem\",\"position\":2,\"name\":\"Augmentation des pesticides, votre r\u00e9gion est-elle concern\u00e9e ?\"}]},{\"@type\":\"WebSite\",\"@id\":\"https:\/\/myfood.eu\/fr\/#website\",\"url\":\"https:\/\/myfood.eu\/fr\/\",\"name\":\"myfood - Serre innovante et Permaculture\",\"description\":\"Se reconnecter \u00e0 son alimentation\",\"potentialAction\":[{\"@type\":\"SearchAction\",\"target\":{\"@type\":\"EntryPoint\",\"urlTemplate\":\"https:\/\/myfood.eu\/fr\/?s={search_term_string}\"},\"query-input\":{\"@type\":\"PropertyValueSpecification\",\"valueRequired\":true,\"valueName\":\"search_term_string\"}}],\"inLanguage\":\"fr-FR\"},{\"@type\":\"Person\",\"@id\":\"https:\/\/myfood.eu\/fr\/#\/schema\/person\/66baf1e5a9518dc0cf5050e34a6759bd\",\"name\":\"admin\",\"image\":{\"@type\":\"ImageObject\",\"inLanguage\":\"fr-FR\",\"@id\":\"https:\/\/myfood.eu\/fr\/#\/schema\/person\/image\/\",\"url\":\"https:\/\/secure.gravatar.com\/avatar\/ad33338237077d3cb1a62a1997e5bf78?s=96&d=mm&r=g\",\"contentUrl\":\"https:\/\/secure.gravatar.com\/avatar\/ad33338237077d3cb1a62a1997e5bf78?s=96&d=mm&r=g\",\"caption\":\"admin\"},\"sameAs\":[\"https:\/\/myfood.eu\",\"https:\/\/x.com\/admin@myfood.eu\"],\"url\":\"https:\/\/myfood.eu\/fr\/author\/admin\/\"}]}<\/script>\n<!-- \/ Yoast SEO plugin. -->","yoast_head_json":{"title":"Augmentation des pesticides, votre r\u00e9gion est-elle concern\u00e9e ?","description":"L'utilisation des pesticides en France, sujet complexe et pol\u00e9mique. Malgr\u00e9 les initiatives gouvernementales visant \u00e0 r\u00e9duire leur usage, les donn\u00e9es montrent une tendance pr\u00e9occupante.","robots":{"index":"index","follow":"follow","max-snippet":"max-snippet:-1","max-image-preview":"max-image-preview:large","max-video-preview":"max-video-preview:-1"},"canonical":"https:\/\/myfood.eu\/fr\/2024\/12\/augmentation-des-pesticides-votre-region-est-elle-concernee\/","og_locale":"fr_FR","og_type":"article","og_title":"Augmentation des pesticides, votre r\u00e9gion est-elle concern\u00e9e ?","og_description":"L'utilisation des pesticides en France, sujet complexe et pol\u00e9mique. Malgr\u00e9 les initiatives gouvernementales visant \u00e0 r\u00e9duire leur usage, les donn\u00e9es montrent une tendance pr\u00e9occupante.","og_url":"https:\/\/myfood.eu\/fr\/2024\/12\/augmentation-des-pesticides-votre-region-est-elle-concernee\/","og_site_name":"myfood - Serre innovante et Permaculture","article_published_time":"2024-12-05T10:00:11+00:00","article_modified_time":"2025-11-25T15:12:20+00:00","og_image":[{"width":1200,"height":675,"url":"https:\/\/myfood-61b028269c-adhzhdbbh9gpahcz.z01.azurefd.net\/blobmyfood61b028269c\/wp-content\/uploads\/2024\/12\/Augmentation-des-pesticides.jpg","type":"image\/jpeg"}],"author":"admin","twitter_card":"summary_large_image","twitter_creator":"@admin@myfood.eu","twitter_misc":{"\u00c9crit par":"admin","Dur\u00e9e de lecture estim\u00e9e":"5 minutes"},"schema":{"@context":"https:\/\/schema.org","@graph":[{"@type":"WebPage","@id":"https:\/\/myfood.eu\/fr\/2024\/12\/augmentation-des-pesticides-votre-region-est-elle-concernee\/","url":"https:\/\/myfood.eu\/fr\/2024\/12\/augmentation-des-pesticides-votre-region-est-elle-concernee\/","name":"Augmentation des pesticides, votre r\u00e9gion est-elle concern\u00e9e ?","isPartOf":{"@id":"https:\/\/myfood.eu\/fr\/#website"},"primaryImageOfPage":{"@id":"https:\/\/myfood.eu\/fr\/2024\/12\/augmentation-des-pesticides-votre-region-est-elle-concernee\/#primaryimage"},"image":{"@id":"https:\/\/myfood.eu\/fr\/2024\/12\/augmentation-des-pesticides-votre-region-est-elle-concernee\/#primaryimage"},"thumbnailUrl":"\/wp-content\/uploads\/2024\/12\/Augmentation-des-pesticides.jpg","datePublished":"2024-12-05T10:00:11+00:00","dateModified":"2025-11-25T15:12:20+00:00","author":{"@id":"https:\/\/myfood.eu\/fr\/#\/schema\/person\/66baf1e5a9518dc0cf5050e34a6759bd"},"description":"L'utilisation des pesticides en France, sujet complexe et pol\u00e9mique. Malgr\u00e9 les initiatives gouvernementales visant \u00e0 r\u00e9duire leur usage, les donn\u00e9es montrent une tendance pr\u00e9occupante.","breadcrumb":{"@id":"https:\/\/myfood.eu\/fr\/2024\/12\/augmentation-des-pesticides-votre-region-est-elle-concernee\/#breadcrumb"},"inLanguage":"fr-FR","potentialAction":[{"@type":"ReadAction","target":["https:\/\/myfood.eu\/fr\/2024\/12\/augmentation-des-pesticides-votre-region-est-elle-concernee\/"]}]},{"@type":"ImageObject","inLanguage":"fr-FR","@id":"https:\/\/myfood.eu\/fr\/2024\/12\/augmentation-des-pesticides-votre-region-est-elle-concernee\/#primaryimage","url":"\/wp-content\/uploads\/2024\/12\/Augmentation-des-pesticides.jpg","contentUrl":"\/wp-content\/uploads\/2024\/12\/Augmentation-des-pesticides.jpg","width":1200,"height":675},{"@type":"BreadcrumbList","@id":"https:\/\/myfood.eu\/fr\/2024\/12\/augmentation-des-pesticides-votre-region-est-elle-concernee\/#breadcrumb","itemListElement":[{"@type":"ListItem","position":1,"name":"Home","item":"https:\/\/myfood.eu\/fr\/"},{"@type":"ListItem","position":2,"name":"Augmentation des pesticides, votre r\u00e9gion est-elle concern\u00e9e ?"}]},{"@type":"WebSite","@id":"https:\/\/myfood.eu\/fr\/#website","url":"https:\/\/myfood.eu\/fr\/","name":"myfood - Serre innovante et Permaculture","description":"Se reconnecter \u00e0 son alimentation","potentialAction":[{"@type":"SearchAction","target":{"@type":"EntryPoint","urlTemplate":"https:\/\/myfood.eu\/fr\/?s={search_term_string}"},"query-input":{"@type":"PropertyValueSpecification","valueRequired":true,"valueName":"search_term_string"}}],"inLanguage":"fr-FR"},{"@type":"Person","@id":"https:\/\/myfood.eu\/fr\/#\/schema\/person\/66baf1e5a9518dc0cf5050e34a6759bd","name":"admin","image":{"@type":"ImageObject","inLanguage":"fr-FR","@id":"https:\/\/myfood.eu\/fr\/#\/schema\/person\/image\/","url":"https:\/\/secure.gravatar.com\/avatar\/ad33338237077d3cb1a62a1997e5bf78?s=96&d=mm&r=g","contentUrl":"https:\/\/secure.gravatar.com\/avatar\/ad33338237077d3cb1a62a1997e5bf78?s=96&d=mm&r=g","caption":"admin"},"sameAs":["https:\/\/myfood.eu","https:\/\/x.com\/admin@myfood.eu"],"url":"https:\/\/myfood.eu\/fr\/author\/admin\/"}]}},"_links":{"self":[{"href":"https:\/\/myfood.eu\/fr\/wp-json\/wp\/v2\/posts\/1108661","targetHints":{"allow":["GET"]}}],"collection":[{"href":"https:\/\/myfood.eu\/fr\/wp-json\/wp\/v2\/posts"}],"about":[{"href":"https:\/\/myfood.eu\/fr\/wp-json\/wp\/v2\/types\/post"}],"author":[{"embeddable":true,"href":"https:\/\/myfood.eu\/fr\/wp-json\/wp\/v2\/users\/1"}],"replies":[{"embeddable":true,"href":"https:\/\/myfood.eu\/fr\/wp-json\/wp\/v2\/comments?post=1108661"}],"version-history":[{"count":1,"href":"https:\/\/myfood.eu\/fr\/wp-json\/wp\/v2\/posts\/1108661\/revisions"}],"predecessor-version":[{"id":1117501,"href":"https:\/\/myfood.eu\/fr\/wp-json\/wp\/v2\/posts\/1108661\/revisions\/1117501"}],"wp:featuredmedia":[{"embeddable":true,"href":"https:\/\/myfood.eu\/fr\/wp-json\/wp\/v2\/media\/1108665"}],"wp:attachment":[{"href":"https:\/\/myfood.eu\/fr\/wp-json\/wp\/v2\/media?parent=1108661"}],"wp:term":[{"taxonomy":"category","embeddable":true,"href":"https:\/\/myfood.eu\/fr\/wp-json\/wp\/v2\/categories?post=1108661"},{"taxonomy":"post_tag","embeddable":true,"href":"https:\/\/myfood.eu\/fr\/wp-json\/wp\/v2\/tags?post=1108661"}],"curies":[{"name":"wp","href":"https:\/\/api.w.org\/{rel}","templated":true}]}}