{"id":263940,"date":"2022-10-25T10:30:00","date_gmt":"2022-10-25T08:30:00","guid":{"rendered":"https:\/\/www.myfood.eu\/?p=263940"},"modified":"2025-07-31T13:41:41","modified_gmt":"2025-07-31T12:41:41","slug":"potager-serre-classique-serre-innovante-comparatif","status":"publish","type":"post","link":"https:\/\/myfood.eu\/fr\/2022\/10\/potager-serre-classique-serre-innovante-comparatif\/","title":{"rendered":"Comparatif \u00e9clair\u00e9 : potager, serre classique ou serre innovante"},"content":{"rendered":"\n<p><a href=\"https:\/\/www.francetvinfo.fr\/sante\/alimentation\/pouvoir-dachat-de-plus-en-plus-de-francais-cultivent-un-potager_5118448.html\">16 millions de Fran\u00e7ais font aujourd\u2019hui pousser des fruits et l\u00e9gumes<\/a>, en jardin, sous serre ou sur leur balcon. Que ce soit pour une volont\u00e9 d\u2019autonomie alimentaire, un loisir personnel ou une activit\u00e9 p\u00e9dagogique en famille, le jardinage est ancr\u00e9 dans la culture des Fran\u00e7ais. Tandis que le confinement 2020 a encourag\u00e9 la population \u00e0 prendre soin de son jardin il existe aujourd\u2019hui diff\u00e9rentes m\u00e9thodes pour faire pousser ses l\u00e9gumes chez soi. Tour d\u2019horizon des avantages et inconv\u00e9nients des m\u00e9thodes principales :<\/p>\n\n\n\n<ul class=\"wp-block-list\">\n<li>Potager traditionnel <\/li>\n\n\n\n<li>Carr\u00e9s potagers<\/li>\n\n\n\n<li>Serre conventionnelle <\/li>\n\n\n\n<li>Serre innovante Myfood<\/li>\n<\/ul>\n\n\n\n<div class=\"wp-block-group is-nowrap is-layout-flex wp-container-core-group-is-layout-2 wp-block-group-is-layout-flex\">\n<div class=\"wp-block-group is-horizontal is-content-justification-left is-nowrap is-layout-flex wp-container-core-group-is-layout-1 wp-block-group-is-layout-flex\">\n<figure class=\"wp-block-table aligncenter is-style-regular\" style=\"font-size:15px\"><table><thead><tr><th class=\"has-text-align-center\" data-align=\"center\"><strong>Pour une famille de 4 personnes<\/strong><\/th><th class=\"has-text-align-center\" data-align=\"center\">Potager<\/th><th class=\"has-text-align-center\" data-align=\"center\">Carr\u00e9s potagers<\/th><th class=\"has-text-align-center\" data-align=\"center\">Serre conventionnelle<br>(armature acier et film poly\u00e9thyl\u00e8ne)<\/th><th class=\"has-text-align-center\" data-align=\"center\">Serre innovante <br>Myfood<\/th><\/tr><\/thead><tbody><tr><td class=\"has-text-align-center\" data-align=\"center\">Espace utilis\u00e9 en m\u00b2<\/td><td class=\"has-text-align-center\" data-align=\"center\">100m\u00b2<\/td><td class=\"has-text-align-center\" data-align=\"center\">20 m\u00b2<\/td><td class=\"has-text-align-center\" data-align=\"center\">20m\u00b2<\/td><td class=\"has-text-align-center\" data-align=\"center\">22m\u00b2<\/td><\/tr><tr><td class=\"has-text-align-center\" data-align=\"center\">Temps \u00e0 investir (par semaine)<\/td><td class=\"has-text-align-center\" data-align=\"center\">8-15h<\/td><td class=\"has-text-align-center\" data-align=\"center\">4h<\/td><td class=\"has-text-align-center\" data-align=\"center\">4h<\/td><td class=\"has-text-align-center\" data-align=\"center\">2h<\/td><\/tr><tr><td class=\"has-text-align-center\" data-align=\"center\">Autonomie<\/td><td class=\"has-text-align-center\" data-align=\"center\">&#8211;<\/td><td class=\"has-text-align-center\" data-align=\"center\">+\/-<\/td><td class=\"has-text-align-center\" data-align=\"center\">+<\/td><td class=\"has-text-align-center\" data-align=\"center\">++<\/td><\/tr><tr><td class=\"has-text-align-center\" data-align=\"center\">\u00adConsommation d\u2019eau moyenne \/ jour (pic l&#8217;\u00e9t\u00e9)<\/td><td class=\"has-text-align-center\" data-align=\"center\"><a href=\"https:\/\/www.planetoscope.com\/consommation-eau\/1085-.html\">15-20L \/ m\u00b2,<\/a> 90 000 L&nbsp;\/an<\/td><td class=\"has-text-align-center\" data-align=\"center\">10-15L\/M\u00b2, 70 000 L \/ an<\/td><td class=\"has-text-align-center\" data-align=\"center\"><a href=\"https:\/\/lizengo.fr\/faq\/de-combien-deau-une-serre-a-t-elle-besoin\/\">4-6L\/M\u00b2<\/a><\/td><td class=\"has-text-align-center\" data-align=\"center\">&nbsp;&nbsp;&nbsp;&nbsp;&nbsp;&nbsp;&nbsp;&nbsp;&nbsp;<a href=\"https:\/\/wiki.myfood.eu\/docs\/gestion-de-leau-ete\"> &lt;1L \/m\u00b2, 9000 L\/ an<\/a><\/td><\/tr><tr><td class=\"has-text-align-center\" data-align=\"center\">Autonomie en eau en \u00e9t\u00e9<\/td><td class=\"has-text-align-center\" data-align=\"center\">1-3 jours<\/td><td class=\"has-text-align-center\" data-align=\"center\">5 jours<\/td><td class=\"has-text-align-center\" data-align=\"center\">3-7 jours<\/td><td class=\"has-text-align-center\" data-align=\"center\">1 \u00e0 2 semaines<\/td><\/tr><tr><td class=\"has-text-align-center\" data-align=\"center\">Produire toute l\u2019ann\u00e9e<\/td><td class=\"has-text-align-center\" data-align=\"center\">Non<\/td><td class=\"has-text-align-center\" data-align=\"center\">Non<\/td><td class=\"has-text-align-center\" data-align=\"center\">Oui<\/td><td class=\"has-text-align-center\" data-align=\"center\">Oui<\/td><\/tr><tr><td class=\"has-text-align-center\" data-align=\"center\">Quantit\u00e9 de l\u00e9gumes par an<\/td><td class=\"has-text-align-center\" data-align=\"center\"><a href=\"https:\/\/jardin-de-cendrillon.com\/potager\/rendement-potager-par-m2-les-choses-importantes-a-savoir.html\">100-200kg<\/a><\/td><td class=\"has-text-align-center\" data-align=\"center\">80kg<\/td><td class=\"has-text-align-center\" data-align=\"center\">90kg<\/td><td class=\"has-text-align-center\" data-align=\"center\"><a href=\"https:\/\/myfood.eu\/fr\/notre-serre\/serre-innovante\/\">300-400kg<\/a><\/td><\/tr><tr><td class=\"has-text-align-center\" data-align=\"center\">R\u00e9sistance aux al\u00e9as climatiques<\/td><td class=\"has-text-align-center\" data-align=\"center\">&#8211;<\/td><td class=\"has-text-align-center\" data-align=\"center\">&#8211;<\/td><td class=\"has-text-align-center\" data-align=\"center\">+<\/td><td class=\"has-text-align-center\" data-align=\"center\">++<\/td><\/tr><tr><td class=\"has-text-align-center\" data-align=\"center\">Temps consacr\u00e9 \u00e0 l\u2019\u00e9laboration de l\u2019espace, achat des \u00e9l\u00e9ments, organisation des zones de cultures&#8230;<\/td><td class=\"has-text-align-center\" data-align=\"center\">2h<\/td><td class=\"has-text-align-center\" data-align=\"center\">6h<\/td><td class=\"has-text-align-center\" data-align=\"center\">10h<\/td><td class=\"has-text-align-center\" data-align=\"center\">3h<\/td><\/tr><tr><td class=\"has-text-align-center\" data-align=\"center\">R\u00e9duction de l&#8217;impact des nuisibles (limaces, p\u00e9do-faune)<\/td><td class=\"has-text-align-center\" data-align=\"center\">&#8212;<\/td><td class=\"has-text-align-center\" data-align=\"center\">&#8211;<\/td><td class=\"has-text-align-center\" data-align=\"center\">+<\/td><td class=\"has-text-align-center\" data-align=\"center\">++<\/td><\/tr><tr><td class=\"has-text-align-center\" data-align=\"center\"><a href=\"https:\/\/wiki.myfood.eu\/docs\/la-communaut%C3%A9-en-ligne\">Soutien agronomique<\/a> et communautaire<\/td><td class=\"has-text-align-center\" data-align=\"center\">&#8211;<\/td><td class=\"has-text-align-center\" data-align=\"center\">&#8211;<\/td><td class=\"has-text-align-center\" data-align=\"center\">&#8211;<\/td><td class=\"has-text-align-center\" data-align=\"center\">++<\/td><\/tr><tr><td class=\"has-text-align-center\" data-align=\"center\">Dur\u00e9e de vie<\/td><td class=\"has-text-align-center\" data-align=\"center\">n.a.&nbsp;<\/td><td class=\"has-text-align-center\" data-align=\"center\">4 ans<\/td><td class=\"has-text-align-center\" data-align=\"center\">4 saisons (b\u00e2che plastique \u00e0 remplacer)<\/td><td class=\"has-text-align-center\" data-align=\"center\">30 ans<\/td><\/tr><tr><td class=\"has-text-align-center\" data-align=\"center\">Premi\u00e8res r\u00e9coltes apr\u00e8s le lancement<\/td><td class=\"has-text-align-center\" data-align=\"center\">3-4 mois<\/td><td class=\"has-text-align-center\" data-align=\"center\">3-4 mois<\/td><td class=\"has-text-align-center\" data-align=\"center\">2-3 mois<\/td><td class=\"has-text-align-center\" data-align=\"center\">1-2 mois (avec les plants pr\u00eats \u2013 pousser)<\/td><\/tr><\/tbody><\/table><figcaption class=\"wp-element-caption\">Tableau comparatif serre-potager<\/figcaption><\/figure>\n<\/div>\n<\/div>\n\n\n\n<div class=\"wp-block-buttons is-horizontal is-content-justification-center is-layout-flex wp-container-core-buttons-is-layout-1 wp-block-buttons-is-layout-flex\">\n<div class=\"wp-block-button has-custom-width wp-block-button__width-50 has-custom-font-size\" style=\"font-size:18px\"><a class=\"wp-block-button__link has-text-color has-background wp-element-button\" href=\"https:\/\/myfood.pro.typeform.com\/pionnier-fr\" style=\"border-radius:50px;color:#ffffff;background-color:#2ea736\">Je calcule mon ROI avec vous<\/a><\/div>\n<\/div>\n\n\n\n<p><\/p>\n\n\n\n<h2 class=\"wp-block-heading\">Le potager classique<\/h2>\n\n\n\n<p>Vous vous souvenez peut-\u00eatre encore d\u2019avoir visit\u00e9 le potager de vos grands-parents. Plus ou moins en cachette, pour y d\u00e9rober des fraises ou des tomates cerises. Un grand potager qui n\u00e9cessitait beaucoup de place, beaucoup de temps d\u2019entretien et beaucoup d\u2019eau. <br>Le potager classique ou potager \u00e0 plat est celui que l\u2019on retrouve le plus dans les espaces ext\u00e9rieurs. <\/p>\n\n\n\n<h3 class=\"wp-block-heading\"><strong>Les plus&nbsp;<\/strong>:<\/h3>\n\n\n\n<ul class=\"wp-block-list\">\n<li>La mise en place facile<\/li>\n\n\n\n<li>Les co\u00fbts de lancement et d\u2019entretien, bas<\/li>\n\n\n\n<li>La dur\u00e9e de vie ultra longue &#8211; \u00e0 condition d\u2019y passer du temps tr\u00e8s r\u00e9guli\u00e8rement<\/li>\n\n\n\n<li>La vari\u00e9t\u00e9 des esp\u00e8ces possibles, surtout si on peut y ajouter un verger<\/li>\n<\/ul>\n\n\n\n<p>Les plants s\u2019y plaisent bien. Ils ont tout l\u2019espace n\u00e9cessaire pour se d\u00e9velopper, que ce soit en hauteur ou en profondeur. Le potager classique est donc id\u00e9al pour l\u2019ensemble de vos fruits et l\u00e9gumes.<\/p>\n\n\n\n<h3 class=\"wp-block-heading\"><strong>Les moins&nbsp;:<\/strong><\/h3>\n\n\n\n<ul class=\"wp-block-list\">\n<li>Il faut de la place, beaucoup de place, environ 100\u00b2m pour nourrir une famille de 3-4 personnes. Et encore\u2026 l\u2019hiver on fait quoi&nbsp;? \u00c0 vrai dire, pas grand-chose, en plein air<\/li>\n\n\n\n<li>Cela demande \u00e9norm\u00e9ment de temps. Il faut d\u00e9sherber tr\u00e8s r\u00e9guli\u00e8rement, chasser les limaces d\u00e8s qu\u2019il pleut, arroser tous les soirs d\u2019\u00e9t\u00e9<\/li>\n\n\n\n<li>Et tiens, quand on parle d\u2019eau\u2026 ce type de potager est aussi malheureusement le plus gourmand en or bleu<\/li>\n\n\n\n<li>Si vous n\u2019avez aucune connaissance en la mati\u00e8re, il vous faudra des heures de recherches et lectures pour savoir quoi planter quand, comment traiter quoi, quand r\u00e9colter etc.<\/li>\n\n\n\n<li>Tous les sols ne sont pas propices au potager. Trop durs ou trop sableux et de rares esp\u00e8ces seulement s\u2019y d\u00e9velopperont<\/li>\n\n\n\n<li>Et enfin s\u2019il gr\u00eale, adieu les r\u00e9coltes<\/li>\n<\/ul>\n\n\n\n<p>\u00ab&nbsp;<em>Suite \u00e0 l\u2019orage de gr\u00eale d\u2019hier soir \u00e0 Lyon (en plein mois de juin), mon potager est an\u00e9anti. Heureusement qu\u2019il me reste les cultures sous serre Myfood, qui elle, a r\u00e9sist\u00e9.<\/em>&nbsp;\u00bb Olivier C., Villeurbanne (fin juin 2021)<\/p>\n\n\n\n<p>Bref, le potager est un bon moyen de se lancer et de (re)mettre les mains dans la terre, mais niveau productivit\u00e9 toute l\u2019ann\u00e9e et quelle que soit la m\u00e9t\u00e9o, on a vu mieux.<\/p>\n\n\n<div class=\"wp-block-image\">\n<figure class=\"aligncenter size-full\"><img loading=\"lazy\" decoding=\"async\" width=\"1024\" height=\"576\" src=\"\/wp-content\/uploads\/2022\/10\/serre-Myfood-chez-un-pionnier-1024x576-min.png\" alt=\"\" class=\"wp-image-264124\" srcset=\"\/wp-content\/uploads\/2022\/10\/serre-Myfood-chez-un-pionnier-1024x576-min.png 1024w, \/wp-content\/uploads\/2022\/10\/serre-Myfood-chez-un-pionnier-1024x576-min-300x169.png 300w, \/wp-content\/uploads\/2022\/10\/serre-Myfood-chez-un-pionnier-1024x576-min-768x432.png 768w, \/wp-content\/uploads\/2022\/10\/serre-Myfood-chez-un-pionnier-1024x576-min-133x75.png 133w, \/wp-content\/uploads\/2022\/10\/serre-Myfood-chez-un-pionnier-1024x576-min-480x270.png 480w\" sizes=\"auto, (max-width:767px) 480px, (max-width:1024px) 100vw, 1024px\" \/><figcaption class=\"wp-element-caption\"><em>Serre innovante Myfood dans le jardin d&#8217;un pionnier<\/em><\/figcaption><\/figure><\/div>\n\n\n<h2 class=\"wp-block-heading\">Les carr\u00e9s potagers<\/h2>\n\n\n\n<p>Moins connu, le carr\u00e9 potager est une solution de potager am\u00e9lior\u00e9 pour faire pousser ses fruits et l\u00e9gumes en ext\u00e9rieur. <\/p>\n\n\n\n<h3 class=\"wp-block-heading\"><strong>Les plus&nbsp;:<\/strong><\/h3>\n\n\n\n<ul class=\"wp-block-list\">\n<li>Plus ergonomique, il permet de cultiver en hauteur et de pr\u00e9server son dos. La terre est aussi moins difficile \u00e0 travailler<\/li>\n\n\n\n<li>Cela reste une solution peu on\u00e9reuse, surtout s\u2019il l\u2019on est bricoleur<\/li>\n\n\n\n<li>Cela demande moins d\u2019entretien qu\u2019un potager classique, avec un peu moins de d\u00e9sherbage et de nuisibles<\/li>\n\n\n\n<li>Certains carr\u00e9s potagers sont \u00e9quip\u00e9s d\u2019un r\u00e9servoir d\u2019eau, ce qui permet d\u2019espacer (un peu) les arrosages<\/li>\n\n\n\n<li>Il suffit d\u2019enrichir ses bacs perma avec du compost pour garder un terreau riche en nutriments<\/li>\n\n\n\n<li>On peut m\u00eame en faire un \u00e9l\u00e9ment esth\u00e9tique de son jardin nourricier<\/li>\n<\/ul>\n\n\n\n<h3 class=\"wp-block-heading\"><strong>Les moins&nbsp;:<\/strong><\/h3>\n\n\n\n<ul class=\"wp-block-list\">\n<li>Cela demande plus de temps d\u2019installation \/ construction et du temps pour d\u00e9velopper vos connaissances si vous n\u2019y connaissez rien<\/li>\n\n\n\n<li>Les cultures d\u2019hiver, \u00e7a reste compliqu\u00e9 (c\u2019est un euph\u00e9misme). Tout comme la gr\u00eale d\u2019ailleurs<\/li>\n\n\n\n<li>A moins de consacrer la m\u00eame surface qu\u2019\u00e0 un potager traditionnel, la production totale sera faible<\/li>\n\n\n\n<li>Un arrosage tous les 1 \u00e0 3 jours reste n\u00e9cessaire, surtout en plein \u00e9t\u00e9<\/li>\n<\/ul>\n\n\n\n<p><em>\u00ab&nbsp;Nous avons install\u00e9 des bacs \u00e0 hauteur dans notre jardin, mais cela pousse moins vite que dans la serre.&nbsp;\u00bb<\/em> Yves B., Les-Alluets-le-Roi<\/p>\n\n\n\n<p>Les carr\u00e9s potagers sont donc une solution un peu plus avanc\u00e9e que le potager mais demandent toujours de l\u2019investissement en temps et en ressources.<\/p>\n\n\n\n<h2 class=\"wp-block-heading\">La serre conventionnelle<\/h2>\n\n\n\n<p>Une serre est LA solution pour cultiver en toute saison. <\/p>\n\n\n\n<h3 class=\"wp-block-heading\"><strong>Les plus&nbsp;:<\/strong><\/h3>\n\n\n\n<ul class=\"wp-block-list\">\n<li>Id\u00e9al pour cultiver toute l\u2019ann\u00e9e, bien \u00e0 l\u2019abri des intemp\u00e9ries<\/li>\n\n\n\n<li>Vous pourrez allonger les saisons. Y faire vos semis, planter vos plants plus t\u00f4t et les maintenir plus tard (typiquement, il est possible de r\u00e9colter des tomates sous serre de juin \u00e0 novembre au lieu de juillet \u00e0 septembre en plein champ)<\/li>\n\n\n\n<li>Le syst\u00e8me de serre permet un meilleur environnement humide propice au d\u00e9veloppement des cultures<\/li>\n<\/ul>\n\n\n\n<h3 class=\"wp-block-heading\"><strong>Les moins<\/strong> :<\/h3>\n\n\n\n<ul class=\"wp-block-list\">\n<li>Sans culture verticale, votre rendement avec de type de serre sera \u00e0 peine meilleur qu\u2019en potager<\/li>\n\n\n\n<li>Les serres basiques n\u2019incluent pas en g\u00e9n\u00e9ral de syst\u00e8me de ventilation. L\u2019\u00e9t\u00e9, \u00e7a peut vite devenir une fournaise<\/li>\n\n\n\n<li>Si le film est en plastique, un beau gr\u00ealon = un trou. Un gros coup de vent = un syst\u00e8me d\u2019a\u00e9ration en plus (enfin, un tr\u00e8s gros trou, voire deux ou trois\ud83d\ude0b). Les serristes garantissent en g\u00e9n\u00e9ral le film pour <a href=\"https:\/\/www.ma-serre-de-jardin.com\/serre-tunnel\/897-serre-tunnel-maraichere-semi-professionnelle-2025m-richel-3760100750010.html\">4 saisons<\/a><\/li>\n\n\n\n<li>Si vous n\u2019avez jamais rien plant\u00e9 avant, cette serre-l\u00e0 n\u2019arrive pas avec la science infuse. Il faudra vous documenter avant de vous lancer (et au quotidien pendant un moment)<\/li>\n<\/ul>\n\n\n<div class=\"wp-block-image\">\n<figure class=\"aligncenter size-full\"><img loading=\"lazy\" decoding=\"async\" width=\"1024\" height=\"576\" src=\"\/wp-content\/uploads\/2022\/10\/Photos-articles-1-1024x576-min.png\" alt=\"\" class=\"wp-image-264126\" srcset=\"\/wp-content\/uploads\/2022\/10\/Photos-articles-1-1024x576-min.png 1024w, \/wp-content\/uploads\/2022\/10\/Photos-articles-1-1024x576-min-300x169.png 300w, \/wp-content\/uploads\/2022\/10\/Photos-articles-1-1024x576-min-768x432.png 768w, \/wp-content\/uploads\/2022\/10\/Photos-articles-1-1024x576-min-133x75.png 133w, \/wp-content\/uploads\/2022\/10\/Photos-articles-1-1024x576-min-480x270.png 480w\" sizes=\"auto, (max-width:767px) 480px, (max-width:1024px) 100vw, 1024px\" \/><figcaption class=\"wp-element-caption\"><em>Mod\u00e8le de serre innovante City Myfood<\/em><\/figcaption><\/figure><\/div>\n\n\n<h2 class=\"wp-block-heading\">La serre innovante Myfood<\/h2>\n\n\n\n<p>Une serre toute int\u00e9gr\u00e9e et \u00e9quip\u00e9e qui vous permet de r\u00e9colter toute l\u2019ann\u00e9e, quelles que soient les conditions climatiques, votre forme physique et l\u2019\u00e9tendue de vos connaissances agronomiques. (Le graal&nbsp;?)<\/p>\n\n\n\n<h3 class=\"wp-block-heading\"><strong>Les plus&nbsp;:<\/strong><\/h3>\n\n\n\n<ul class=\"wp-block-list\">\n<li>La culture verticale, ergonomique, \u00e0 l\u2019abri des al\u00e9as climatiques. Une structure r\u00e9sistant \u00e0 la gr\u00eale (gr\u00e2ce \u00e0 son verre Securit, aussi r\u00e9sistant qu\u2019un pare-brise) et qui vous permet de jardiner au sec et au chaud, m\u00eame quand il pleut<\/li>\n\n\n\n<li>Une gestion de la temp\u00e9rature optimis\u00e9e&nbsp;:\n<ul class=\"wp-block-list\">\n<li>En \u00e9t\u00e9, ventilation int\u00e9gr\u00e9e, lucarnes \u00e0 ouverture automatique, verre cath\u00e9drale fragment\u00e9, toile d\u2019ombrage, syst\u00e8me de brumisation et circuit ferm\u00e9 d\u2019aquaponie gardent les cultures au frais et hydrat\u00e9es<\/li>\n\n\n\n<li>En hiver, des r\u00e9sistances chauffantes ou encore un po\u00eale pour les r\u00e9gions les plus froides permettent de continuer \u00e0 cultiver (des fruits et l\u00e9gumes de saison bien s\u00fbr)<\/li>\n<\/ul>\n<\/li>\n\n\n\n<li>Un soutien agronomique et communautaire au quotidien pour poser toutes vos questions et progresser tr\u00e8s vite<\/li>\n\n\n\n<li>L\u2019alliance entre permaculture et aquaponie qui permet d\u2019\u00e9conomiser 90% d\u2019eau et 70% de temps d\u2019entretien par rapport au potager<\/li>\n\n\n\n<li>Des r\u00e9cup\u00e9rateurs d\u2019eau int\u00e9gr\u00e9s aux goutti\u00e8res<\/li>\n\n\n\n<li>La possibilit\u00e9 de s\u2019absenter pendant une \u00e0 deux semaines l\u2019\u00e9t\u00e9 et se nourrir de ses r\u00e9coltes au retour<\/li>\n\n\n\n<li>Des nuisibles moins pr\u00e9sents qu\u2019en plein champ<\/li>\n\n\n\n<li>Des capteurs de temp\u00e9rature et de pH pour optimiser ses r\u00e9coltes<\/li>\n\n\n\n<li>Un espace suppl\u00e9mentaire pour se d\u00e9tendre et reconnecter avec la nature<\/li>\n<\/ul>\n\n\n\n<p><em>\u00ab&nbsp;En 40 ans de potager, je n\u2019ai jamais produit autant que pendant mes 6 premiers mois de serre Myfood.&nbsp;\u00bb<\/em> Pascale E. Molsheim<\/p>\n\n\n\n<h3 class=\"wp-block-heading\"><strong>Les moins<\/strong> :<\/h3>\n\n\n\n<ul class=\"wp-block-list\">\n<li>Cette solution reste un investissement financier. Le co\u00fbt d\u2019achat est plus \u00e9lev\u00e9 qu\u2019un potager ou une serre simple, mais il est v\u00e9ritablement rentabilis\u00e9 en 5 \u00e0 7 ans gr\u00e2ce \u00e0 sa forte productivit\u00e9 et au temps gagn\u00e9. Pour calculer votre retour sur investissement personnalis\u00e9, c\u2019est par <a href=\"https:\/\/myfood.eu\/fr\/2022\/01\/serre-culture-production-rentabilite-prix-investissement-consommation\/\">ici<\/a>.<\/li>\n<\/ul>\n\n\n\n<p>Pour approcher l\u2019autonomie alimentaire, la serre innovante est la solution la plus aboutie qui permet de r\u00e9colter jusqu\u2019\u00e0 400kg de fruit et l\u00e9gumes sur une ann\u00e9e et sur seulement 22m\u00b2. Avec un investissement de temps bien moindre qu\u2019un potager (moins de deux heures par semaine).<\/p>\n\n\n\n<p>Pour finir, plus besoin de vous emb\u00eater avec l\u2019installation de votre serre. Myfood s\u2019occupe de tout&nbsp;! Votre serre est livr\u00e9e, install\u00e9e et \u00e9quip\u00e9e par nos \u00e9quipes.<\/p>\n\n\n\n<p>Vous n\u2019avez qu\u2019une chose \u00e0 faire&nbsp;: nous appeler et nous pr\u00e9senter votre projet.<\/p>\n\n\n\n<div class=\"wp-block-buttons is-horizontal is-content-justification-center is-layout-flex wp-container-core-buttons-is-layout-2 wp-block-buttons-is-layout-flex\">\n<div class=\"wp-block-button has-custom-width wp-block-button__width-50 has-custom-font-size\" style=\"font-size:18px\"><a class=\"wp-block-button__link has-text-color has-background wp-element-button\" href=\"https:\/\/myfood.pro.typeform.com\/pionnier-fr\" style=\"border-radius:50px;color:#ffffff;background-color:#2ea736\">Je demande mon devis gratuit<\/a><\/div>\n<\/div>\n","protected":false},"excerpt":{"rendered":"<p>16 millions de Fran\u00e7ais font aujourd\u2019hui pousser des fruits et l\u00e9gumes, en jardin, sous serre ou sur leur balcon. Que ce soit pour une volont\u00e9 d\u2019autonomie<span class=\"excerpt-hellip\"> [\u2026]<\/span><\/p>\n","protected":false},"author":1,"featured_media":264057,"comment_status":"closed","ping_status":"closed","sticky":false,"template":"","format":"standard","meta":{"footnotes":""},"categories":[334],"tags":[39,98,99,100,48,78,50],"class_list":["post-263940","post","type-post","status-publish","format-standard","has-post-thumbnail","hentry","category-devenir-autonome","tag-agriculture","tag-carre-potager","tag-comparatif","tag-innovante","tag-legumes","tag-potager","tag-serre"],"yoast_head":"<!-- This site is optimized with the Yoast SEO plugin v24.7 - https:\/\/yoast.com\/wordpress\/plugins\/seo\/ -->\n<title>Potager, serre classique ou serre innovante, comparatif \u00e9clair\u00e9<\/title>\n<meta name=\"description\" content=\"16 M de Fran\u00e7ais cultivent des fruits et l\u00e9gumes soit dans un potager, sous serre ou sur un balcon. On compare les trois aujourd&#039;hui.\" \/>\n<meta name=\"robots\" content=\"index, follow, max-snippet:-1, max-image-preview:large, max-video-preview:-1\" \/>\n<link rel=\"canonical\" href=\"https:\/\/myfood.eu\/fr\/2022\/10\/potager-serre-classique-serre-innovante-comparatif\/\" \/>\n<meta property=\"og:locale\" content=\"fr_FR\" \/>\n<meta property=\"og:type\" content=\"article\" \/>\n<meta property=\"og:title\" content=\"Potager, serre classique ou serre innovante, comparatif \u00e9clair\u00e9\" \/>\n<meta property=\"og:description\" content=\"16 M de Fran\u00e7ais cultivent des fruits et l\u00e9gumes soit dans un potager, sous serre ou sur un balcon. On compare les trois aujourd&#039;hui.\" \/>\n<meta property=\"og:url\" content=\"https:\/\/myfood.eu\/fr\/2022\/10\/potager-serre-classique-serre-innovante-comparatif\/\" \/>\n<meta property=\"og:site_name\" content=\"myfood - Serre innovante et Permaculture\" \/>\n<meta property=\"article:published_time\" content=\"2022-10-25T08:30:00+00:00\" \/>\n<meta property=\"article:modified_time\" content=\"2025-07-31T12:41:41+00:00\" \/>\n<meta property=\"og:image\" content=\"https:\/\/myfood.eu\/wp-content\/uploads\/2022\/10\/comparatif-serre-potager-1.png\" \/>\n\t<meta property=\"og:image:width\" content=\"1920\" \/>\n\t<meta property=\"og:image:height\" content=\"1080\" \/>\n\t<meta property=\"og:image:type\" content=\"image\/png\" \/>\n<meta name=\"author\" content=\"admin\" \/>\n<meta name=\"twitter:card\" content=\"summary_large_image\" \/>\n<meta name=\"twitter:creator\" content=\"@admin@myfood.eu\" \/>\n<meta name=\"twitter:label1\" content=\"\u00c9crit par\" \/>\n\t<meta name=\"twitter:data1\" content=\"admin\" \/>\n\t<meta name=\"twitter:label2\" content=\"Dur\u00e9e de lecture estim\u00e9e\" \/>\n\t<meta name=\"twitter:data2\" content=\"7 minutes\" \/>\n<script type=\"application\/ld+json\" class=\"yoast-schema-graph\">{\"@context\":\"https:\/\/schema.org\",\"@graph\":[{\"@type\":\"WebPage\",\"@id\":\"https:\/\/myfood.eu\/fr\/2022\/10\/potager-serre-classique-serre-innovante-comparatif\/\",\"url\":\"https:\/\/myfood.eu\/fr\/2022\/10\/potager-serre-classique-serre-innovante-comparatif\/\",\"name\":\"Potager, serre classique ou serre innovante, comparatif \u00e9clair\u00e9\",\"isPartOf\":{\"@id\":\"https:\/\/myfood.eu\/fr\/#website\"},\"primaryImageOfPage\":{\"@id\":\"https:\/\/myfood.eu\/fr\/2022\/10\/potager-serre-classique-serre-innovante-comparatif\/#primaryimage\"},\"image\":{\"@id\":\"https:\/\/myfood.eu\/fr\/2022\/10\/potager-serre-classique-serre-innovante-comparatif\/#primaryimage\"},\"thumbnailUrl\":\"\/wp-content\/uploads\/2022\/10\/comparatif-serre-potager-1.png\",\"datePublished\":\"2022-10-25T08:30:00+00:00\",\"dateModified\":\"2025-07-31T12:41:41+00:00\",\"author\":{\"@id\":\"https:\/\/myfood.eu\/fr\/#\/schema\/person\/66baf1e5a9518dc0cf5050e34a6759bd\"},\"description\":\"16 M de Fran\u00e7ais cultivent des fruits et l\u00e9gumes soit dans un potager, sous serre ou sur un balcon. On compare les trois aujourd'hui.\",\"breadcrumb\":{\"@id\":\"https:\/\/myfood.eu\/fr\/2022\/10\/potager-serre-classique-serre-innovante-comparatif\/#breadcrumb\"},\"inLanguage\":\"fr-FR\",\"potentialAction\":[{\"@type\":\"ReadAction\",\"target\":[\"https:\/\/myfood.eu\/fr\/2022\/10\/potager-serre-classique-serre-innovante-comparatif\/\"]}]},{\"@type\":\"ImageObject\",\"inLanguage\":\"fr-FR\",\"@id\":\"https:\/\/myfood.eu\/fr\/2022\/10\/potager-serre-classique-serre-innovante-comparatif\/#primaryimage\",\"url\":\"\/wp-content\/uploads\/2022\/10\/comparatif-serre-potager-1.png\",\"contentUrl\":\"\/wp-content\/uploads\/2022\/10\/comparatif-serre-potager-1.png\",\"width\":1920,\"height\":1080,\"caption\":\"Une serre innovante de la jardin d'un pionnier \u00e0 Dijon\"},{\"@type\":\"BreadcrumbList\",\"@id\":\"https:\/\/myfood.eu\/fr\/2022\/10\/potager-serre-classique-serre-innovante-comparatif\/#breadcrumb\",\"itemListElement\":[{\"@type\":\"ListItem\",\"position\":1,\"name\":\"Home\",\"item\":\"https:\/\/myfood.eu\/fr\/\"},{\"@type\":\"ListItem\",\"position\":2,\"name\":\"Comparatif \u00e9clair\u00e9 : potager, serre classique ou serre innovante\"}]},{\"@type\":\"WebSite\",\"@id\":\"https:\/\/myfood.eu\/fr\/#website\",\"url\":\"https:\/\/myfood.eu\/fr\/\",\"name\":\"myfood - Serre innovante et Permaculture\",\"description\":\"Se reconnecter \u00e0 son alimentation\",\"potentialAction\":[{\"@type\":\"SearchAction\",\"target\":{\"@type\":\"EntryPoint\",\"urlTemplate\":\"https:\/\/myfood.eu\/fr\/?s={search_term_string}\"},\"query-input\":{\"@type\":\"PropertyValueSpecification\",\"valueRequired\":true,\"valueName\":\"search_term_string\"}}],\"inLanguage\":\"fr-FR\"},{\"@type\":\"Person\",\"@id\":\"https:\/\/myfood.eu\/fr\/#\/schema\/person\/66baf1e5a9518dc0cf5050e34a6759bd\",\"name\":\"admin\",\"image\":{\"@type\":\"ImageObject\",\"inLanguage\":\"fr-FR\",\"@id\":\"https:\/\/myfood.eu\/fr\/#\/schema\/person\/image\/\",\"url\":\"https:\/\/secure.gravatar.com\/avatar\/ad33338237077d3cb1a62a1997e5bf78?s=96&d=mm&r=g\",\"contentUrl\":\"https:\/\/secure.gravatar.com\/avatar\/ad33338237077d3cb1a62a1997e5bf78?s=96&d=mm&r=g\",\"caption\":\"admin\"},\"sameAs\":[\"https:\/\/myfood.eu\",\"https:\/\/x.com\/admin@myfood.eu\"],\"url\":\"https:\/\/myfood.eu\/fr\/author\/admin\/\"}]}<\/script>\n<!-- \/ Yoast SEO plugin. -->","yoast_head_json":{"title":"Potager, serre classique ou serre innovante, comparatif \u00e9clair\u00e9","description":"16 M de Fran\u00e7ais cultivent des fruits et l\u00e9gumes soit dans un potager, sous serre ou sur un balcon. On compare les trois aujourd'hui.","robots":{"index":"index","follow":"follow","max-snippet":"max-snippet:-1","max-image-preview":"max-image-preview:large","max-video-preview":"max-video-preview:-1"},"canonical":"https:\/\/myfood.eu\/fr\/2022\/10\/potager-serre-classique-serre-innovante-comparatif\/","og_locale":"fr_FR","og_type":"article","og_title":"Potager, serre classique ou serre innovante, comparatif \u00e9clair\u00e9","og_description":"16 M de Fran\u00e7ais cultivent des fruits et l\u00e9gumes soit dans un potager, sous serre ou sur un balcon. On compare les trois aujourd'hui.","og_url":"https:\/\/myfood.eu\/fr\/2022\/10\/potager-serre-classique-serre-innovante-comparatif\/","og_site_name":"myfood - Serre innovante et Permaculture","article_published_time":"2022-10-25T08:30:00+00:00","article_modified_time":"2025-07-31T12:41:41+00:00","og_image":[{"width":1920,"height":1080,"url":"https:\/\/myfood.eu\/wp-content\/uploads\/2022\/10\/comparatif-serre-potager-1.png","type":"image\/png"}],"author":"admin","twitter_card":"summary_large_image","twitter_creator":"@admin@myfood.eu","twitter_misc":{"\u00c9crit par":"admin","Dur\u00e9e de lecture estim\u00e9e":"7 minutes"},"schema":{"@context":"https:\/\/schema.org","@graph":[{"@type":"WebPage","@id":"https:\/\/myfood.eu\/fr\/2022\/10\/potager-serre-classique-serre-innovante-comparatif\/","url":"https:\/\/myfood.eu\/fr\/2022\/10\/potager-serre-classique-serre-innovante-comparatif\/","name":"Potager, serre classique ou serre innovante, comparatif \u00e9clair\u00e9","isPartOf":{"@id":"https:\/\/myfood.eu\/fr\/#website"},"primaryImageOfPage":{"@id":"https:\/\/myfood.eu\/fr\/2022\/10\/potager-serre-classique-serre-innovante-comparatif\/#primaryimage"},"image":{"@id":"https:\/\/myfood.eu\/fr\/2022\/10\/potager-serre-classique-serre-innovante-comparatif\/#primaryimage"},"thumbnailUrl":"\/wp-content\/uploads\/2022\/10\/comparatif-serre-potager-1.png","datePublished":"2022-10-25T08:30:00+00:00","dateModified":"2025-07-31T12:41:41+00:00","author":{"@id":"https:\/\/myfood.eu\/fr\/#\/schema\/person\/66baf1e5a9518dc0cf5050e34a6759bd"},"description":"16 M de Fran\u00e7ais cultivent des fruits et l\u00e9gumes soit dans un potager, sous serre ou sur un balcon. On compare les trois aujourd'hui.","breadcrumb":{"@id":"https:\/\/myfood.eu\/fr\/2022\/10\/potager-serre-classique-serre-innovante-comparatif\/#breadcrumb"},"inLanguage":"fr-FR","potentialAction":[{"@type":"ReadAction","target":["https:\/\/myfood.eu\/fr\/2022\/10\/potager-serre-classique-serre-innovante-comparatif\/"]}]},{"@type":"ImageObject","inLanguage":"fr-FR","@id":"https:\/\/myfood.eu\/fr\/2022\/10\/potager-serre-classique-serre-innovante-comparatif\/#primaryimage","url":"\/wp-content\/uploads\/2022\/10\/comparatif-serre-potager-1.png","contentUrl":"\/wp-content\/uploads\/2022\/10\/comparatif-serre-potager-1.png","width":1920,"height":1080,"caption":"Une serre innovante de la jardin d'un pionnier \u00e0 Dijon"},{"@type":"BreadcrumbList","@id":"https:\/\/myfood.eu\/fr\/2022\/10\/potager-serre-classique-serre-innovante-comparatif\/#breadcrumb","itemListElement":[{"@type":"ListItem","position":1,"name":"Home","item":"https:\/\/myfood.eu\/fr\/"},{"@type":"ListItem","position":2,"name":"Comparatif \u00e9clair\u00e9 : potager, serre classique ou serre innovante"}]},{"@type":"WebSite","@id":"https:\/\/myfood.eu\/fr\/#website","url":"https:\/\/myfood.eu\/fr\/","name":"myfood - Serre innovante et Permaculture","description":"Se reconnecter \u00e0 son alimentation","potentialAction":[{"@type":"SearchAction","target":{"@type":"EntryPoint","urlTemplate":"https:\/\/myfood.eu\/fr\/?s={search_term_string}"},"query-input":{"@type":"PropertyValueSpecification","valueRequired":true,"valueName":"search_term_string"}}],"inLanguage":"fr-FR"},{"@type":"Person","@id":"https:\/\/myfood.eu\/fr\/#\/schema\/person\/66baf1e5a9518dc0cf5050e34a6759bd","name":"admin","image":{"@type":"ImageObject","inLanguage":"fr-FR","@id":"https:\/\/myfood.eu\/fr\/#\/schema\/person\/image\/","url":"https:\/\/secure.gravatar.com\/avatar\/ad33338237077d3cb1a62a1997e5bf78?s=96&d=mm&r=g","contentUrl":"https:\/\/secure.gravatar.com\/avatar\/ad33338237077d3cb1a62a1997e5bf78?s=96&d=mm&r=g","caption":"admin"},"sameAs":["https:\/\/myfood.eu","https:\/\/x.com\/admin@myfood.eu"],"url":"https:\/\/myfood.eu\/fr\/author\/admin\/"}]}},"_links":{"self":[{"href":"https:\/\/myfood.eu\/fr\/wp-json\/wp\/v2\/posts\/263940","targetHints":{"allow":["GET"]}}],"collection":[{"href":"https:\/\/myfood.eu\/fr\/wp-json\/wp\/v2\/posts"}],"about":[{"href":"https:\/\/myfood.eu\/fr\/wp-json\/wp\/v2\/types\/post"}],"author":[{"embeddable":true,"href":"https:\/\/myfood.eu\/fr\/wp-json\/wp\/v2\/users\/1"}],"replies":[{"embeddable":true,"href":"https:\/\/myfood.eu\/fr\/wp-json\/wp\/v2\/comments?post=263940"}],"version-history":[{"count":1,"href":"https:\/\/myfood.eu\/fr\/wp-json\/wp\/v2\/posts\/263940\/revisions"}],"predecessor-version":[{"id":1117490,"href":"https:\/\/myfood.eu\/fr\/wp-json\/wp\/v2\/posts\/263940\/revisions\/1117490"}],"wp:featuredmedia":[{"embeddable":true,"href":"https:\/\/myfood.eu\/fr\/wp-json\/wp\/v2\/media\/264057"}],"wp:attachment":[{"href":"https:\/\/myfood.eu\/fr\/wp-json\/wp\/v2\/media?parent=263940"}],"wp:term":[{"taxonomy":"category","embeddable":true,"href":"https:\/\/myfood.eu\/fr\/wp-json\/wp\/v2\/categories?post=263940"},{"taxonomy":"post_tag","embeddable":true,"href":"https:\/\/myfood.eu\/fr\/wp-json\/wp\/v2\/tags?post=263940"}],"curies":[{"name":"wp","href":"https:\/\/api.w.org\/{rel}","templated":true}]}}