{"id":264854,"date":"2023-02-28T10:03:13","date_gmt":"2023-02-28T09:03:13","guid":{"rendered":"https:\/\/www.myfood.eu\/?p=264854"},"modified":"2025-01-27T08:59:34","modified_gmt":"2025-01-27T08:59:34","slug":"comment-reussir-ses-semis-trucs-et-astuces","status":"publish","type":"post","link":"https:\/\/myfood.eu\/fr\/2023\/02\/comment-reussir-ses-semis-trucs-et-astuces\/","title":{"rendered":"\u00c0 vos semis, pr\u00eat\u00a0? Partez\u00a0!"},"content":{"rendered":"\n<p>Vous \u00eates-vous d\u00e9j\u00e0 demand\u00e9 comment bien r\u00e9ussir ses semis&nbsp;? Combien de temps les graines mettent-elles \u00e0 germer&nbsp;? Quel mat\u00e9riel utiliser&nbsp;? Quel substrat ? Et si on vous disait que vous pouvez tr\u00e8s bien le faire vous-m\u00eame avec succ\u00e8s&nbsp;? En suivant nos conseils, vous en \u00eates capable, eh oui \ud83d\ude09<br><br>Parlons des avantages \u00e0 faire ses propres semis, que ce soit pour votre potager ou pour votre serre. Emeline, notre agronome en chef, vous donne ses trucs et astuces pour r\u00e9ussir \u00e0 faire pousser ses fruits et l\u00e9gumes de A \u00e0 Z. Mais attention, le rythme de la nature est \u00e0 bien consid\u00e9rer, il se peut que vos semences ne r\u00e9ussissent pas toujours.<\/p>\n\n\n\n<p>Alors, pr\u00eat \u00e0 semer&nbsp;?<\/p>\n\n\n<div class=\"wp-block-image\">\n<figure class=\"aligncenter size-large\"><img loading=\"lazy\" decoding=\"async\" width=\"1024\" height=\"576\" src=\"https:\/\/www.myfood.eu\/wp-content\/uploads\/2023\/02\/graines-en-train-de-germer-1024x576.jpg\" alt=\"Graines en train de germer dans un incubateur \u00e0 semis\" class=\"wp-image-264868\" srcset=\"\/wp-content\/uploads\/2023\/02\/graines-en-train-de-germer-1024x576.jpg 1024w, \/wp-content\/uploads\/2023\/02\/graines-en-train-de-germer-300x169.jpg 300w, \/wp-content\/uploads\/2023\/02\/graines-en-train-de-germer-768x432.jpg 768w, \/wp-content\/uploads\/2023\/02\/graines-en-train-de-germer-133x75.jpg 133w, \/wp-content\/uploads\/2023\/02\/graines-en-train-de-germer-480x270.jpg 480w\" sizes=\"auto, (max-width:767px) 480px, (max-width:1024px) 100vw, 1024px\" \/><figcaption class=\"wp-element-caption\"><em>Graines en train de germer dans un incubateur \u00e0 semis Myfood<\/em><\/figcaption><\/figure><\/div>\n\n\n<h2 class=\"wp-block-heading\">Qu&#8217;est-ce que c&#8217;est des semis d\u00e9j\u00e0 ?<\/h2>\n\n\n\n<p>Pour aborder ce vaste sujet, nous allons vous partagez notre vision. Parlons un petit peu p\u00e9dagogie. Faire ses semis consiste \u00e0 faire germer des graines que vous aurez choisi pour en faire des plants matures. La germination des plants varie en fonction de la vari\u00e9t\u00e9 ou l\u2019esp\u00e8ce choisie. Attention, pour avoir une bonne incubation, une temp\u00e9rature ad\u00e9quate est demand\u00e9e. Cette temp\u00e9rature varie en fonction du type de culture que vous souhaitez faire pousser. Quand vous apercevez au moins quatre feuilles sur votre plants ou des racines d\u00e9velopp\u00e9es, vos semis sont pr\u00eats \u00e0 \u00eatre plant\u00e9s dans votre serre ou votre potager.<\/p>\n\n\n\n<p>Ainsi vous avez contribu\u00e9 \u00e0 la cr\u00e9ation de beaux l\u00e9gumes et v\u00e9g\u00e9taux qui se retrouveront ensuite dans votre assiette. Miam\ud83d\ude0b<br><\/p>\n\n\n\n<h2 class=\"wp-block-heading\">Faire ses semis, un grand nombre d\u2019avantages<\/h2>\n\n\n\n<p>Faire soi-m\u00eame ses semis comporte plusieurs avantages, voici les 4 principaux&nbsp;:<\/p>\n\n\n\n<h3 class=\"wp-block-heading\">Vous connaissez la provenance de vos graines<\/h3>\n\n\n\n<p>C&#8217;est le plus important, selon nous. Les graines ont \u00e9t\u00e9 s\u00e9lectionn\u00e9es soigneusement soit par vous, soit par notre agronome. Elles proviennent de producteurs engag\u00e9s et respectueux de l\u2019environnement. Et elles sont souvent de qualit\u00e9 sup\u00e9rieure. Par exemple, si vous choisissez <a href=\"https:\/\/shop.myfood.eu\/fr\/products\/seed-kit-spring-summer\">les graines myfood<\/a> vous n\u2019aurez besoin de planter qu\u2019une seule graine. En effet, le taux de germination est plus \u00e9lev\u00e9 que les graines du commerce, pour lesquelles il faut souvent en semer 2 \u00e0 3 pour avoir la chance d\u2019en voir \u00e9clore une. De plus, vous pouvez r\u00e9cup\u00e9rer vos propres graines pour faire vos semis l\u2019ann\u00e9e suivante. Plusieurs de nos pionniers utilisent cette m\u00e9thode et ainsi recyclent et utilisent absolument tout de leurs cultures.<\/p>\n\n\n\n<h3 class=\"wp-block-heading\">Vous pilotez tout le processus de culture<\/h3>\n\n\n\n<p>Eh bien vous ne pourrez qu&#8217;\u00eatre heureux et fi\u00e8re de vous pour le travail accompli.&nbsp; C\u2019est vous qui faites un suivi de vos cultures de A \u00e0 Z en passant par toutes les phases de la production. Cela est tr\u00e8s enrichissant. Au fil du temps vous allez apprendre beaucoup de choses \u00e0 propos des v\u00e9g\u00e9taux et de leur d\u00e9veloppement. Vous verrez comment se comportent les diff\u00e9rentes vari\u00e9t\u00e9s et serez en mesure de faire des choix quant aux semences les mieux adapt\u00e9es \u00e0 votre environnement. Quoi de plus gratifiant que de savoir que vous avez particip\u00e9 \u00e0 l\u2019enti\u00e8ret\u00e9 du processus de culture du l\u00e9gume dans votre assiette&nbsp;?<\/p>\n\n\n\n<div class=\"wp-block-buttons is-horizontal is-content-justification-center is-layout-flex wp-container-core-buttons-is-layout-1 wp-block-buttons-is-layout-flex\">\n<div class=\"wp-block-button has-custom-width wp-block-button__width-50 has-custom-font-size\" style=\"font-size:18px\"><a class=\"wp-block-button__link has-text-color has-background wp-element-button\" href=\"https:\/\/myfood.pro.typeform.com\/pionnier-fr\" style=\"border-radius:50px;color:#ffffff;background-color:#2ea736\">Je me lance avec Myfood<\/a><\/div>\n<\/div>\n\n\n\n<p><\/p>\n\n\n\n<h3 class=\"wp-block-heading\">Vous avez une maitrise totale sur le choix de vos plants<\/h3>\n\n\n\n<p>C&#8217;est vous qui choisissez les vari\u00e9t\u00e9s et esp\u00e8ces que vous voulez faire pousser justement. Gr\u00e2ce \u00e0 la plantation de vos semis vous \u00eates en mesure de choisir l\u2019ensemble de vos semences et surtout de les adapter \u00e0 votre sol et \u00e0 vos envies gustatives et culinaires. \u00c0 vous les semis de tomates de vari\u00e9t\u00e9s anciennes, les fleurs comestibles et autres choux&nbsp;! Cela vous laissera aussi la libert\u00e9 de troquer des graines avec vos amis jardiniers et d\u2019\u00e9changer sur vos cultures respectives. Un petit peu comme avec les cartes Pok\u00e9mon de notre enfance quoi\u2026&nbsp;!<\/p>\n\n\n\n<h3 class=\"wp-block-heading\">Vous faites des \u00e9conomies significatives<\/h3>\n\n\n\n<p>Et le dernier et pas des moindres : vous faites des \u00e9conomies. Cela va de soi, mais lancer ses cultures \u00e0 partir de la graine est forc\u00e9ment plus \u00e9conomique que d\u2019acheter des plants d\u00e9j\u00e0 disponibles.<\/p>\n\n\n\n<p>Cependant, nous vous mentirions en disant que faire et r\u00e9ussir ses semis est d\u2019une facilit\u00e9 d\u00e9concertante. C\u2019est une activit\u00e9 certes enrichissante mais aussi exigeante. Elle demande un peu de rigueur et surtout de la patience. Certains semis peuvent prendre plusieurs semaines avant de germer. Il faudra les regarder patiemment et surtout ne pas renoncer si cela ne fonctionne pas&nbsp;! Car oui, cela ne fonctionnera pas toujours du premier coup et aucun jardinier amateur (ou professionnel d\u2019ailleurs) n\u2019a un rendement \u00e0 100%.&nbsp; M\u00eame si vous avez r\u00e9uni tous les \u00e9l\u00e9ments pour que cela fonctionne, il y aura quelques loup\u00e9s et ce n\u2019est pas grave. \u00c7a fait partie du jeu&nbsp;!<\/p>\n\n\n<div class=\"wp-block-image\">\n<figure class=\"aligncenter size-large\"><img loading=\"lazy\" decoding=\"async\" width=\"1024\" height=\"576\" src=\"https:\/\/www.myfood.eu\/wp-content\/uploads\/2023\/02\/incubateur-a-semis-myfood-1024x576.jpg\" alt=\"Semis en train de se d\u00e9velopper dans un incubateur Myfood\" class=\"wp-image-264871\" srcset=\"\/wp-content\/uploads\/2023\/02\/incubateur-a-semis-myfood-1024x576.jpg 1024w, \/wp-content\/uploads\/2023\/02\/incubateur-a-semis-myfood-300x169.jpg 300w, \/wp-content\/uploads\/2023\/02\/incubateur-a-semis-myfood-768x432.jpg 768w, \/wp-content\/uploads\/2023\/02\/incubateur-a-semis-myfood-133x75.jpg 133w, \/wp-content\/uploads\/2023\/02\/incubateur-a-semis-myfood-480x270.jpg 480w\" sizes=\"auto, (max-width:767px) 480px, (max-width:1024px) 100vw, 1024px\" \/><figcaption class=\"wp-element-caption\"><em>Semis en train de se d\u00e9velopper dans un incubateur Myfood<\/em><\/figcaption><\/figure><\/div>\n\n\n<h2 class=\"wp-block-heading\">Des outils pour une bonne ma\u00eetrise de vos semis<\/h2>\n\n\n\n<p>Apr\u00e8s avoir pass\u00e9 en revue les avantages et les inconv\u00e9nients parlons maintenant technique. Plusieurs options s\u2019offrent \u00e0 vous&nbsp;:<\/p>\n\n\n\n<p>Myfood commercialise <a href=\"https:\/\/shop.myfood.eu\/fr\/products\/led-seedling-incubator\">un incubateur \u00e0 semis<\/a> qui vous permet de maximiser vos cultures (<a href=\"https:\/\/shop.myfood.eu\/fr\/products\/polycomposite-clods-lot-of-160-units\">160 mottes<\/a>). Il permet de faire pousser jusqu\u2019\u00e0 80 graines par plateau. Compact et discret, vous pouvez le placer soit dans votre serre, si la temp\u00e9rature le permet ou alors dans votre int\u00e9rieur (cuisine, v\u00e9randa, salon\u2026).<\/p>\n\n\n\n<p>Si vous n\u2019avez pas d\u2019incubateur, vous pouvez cr\u00e9er le v\u00f4tre, mais veillez \u00e0 bien le placer dans une pi\u00e8ce tr\u00e8s lumineuse (fen\u00eatre plein sud) ou un espace d\u00e9di\u00e9 avec une lampe horticole. Attention \u00e0 bien prot\u00e9ger vos semis, les nuisibles ou les animaux peuvent parfois tout ravager sur leur passage.<br><\/p>\n\n\n\n<h2 class=\"wp-block-heading\">L\u2019\u00e9quipement&nbsp;? Ok&nbsp;! Place \u00e0 la confection <\/h2>\n\n\n\n<p>Vous \u00eates d\u00e9sormais pr\u00eat(e) \u00e0 vous lancer. Quel est le protocole ?<\/p>\n\n\n\n<p>Une motte \u00e0 semis est constitu\u00e9e de tourbe (une mati\u00e8re organique riche) et d\u2019un liant qui permet d\u2019avoir une structure spongieuse et une bonne r\u00e9tention d\u2019eau. Elles ont la forme d&#8217;un c\u00f4ne \u00e0 base carr\u00e9e pour faciliter la culture en tour verticale mais aussi la culture en bac ou en pleine terre. Plusieurs techniques et outils existent pour mettre vos graines dans les mottes. Mais faisons du recyclage, prenez un capuchon de stylo. Il vous permettra de remplir vos semis de mani\u00e8re pr\u00e9cise. Vous pouvez bien s\u00fbr utiliser vos doigts avec des mains propres ! Sinon il y aussi des petits doseurs r\u00e9glables dans le commerce.<\/p>\n\n\n\n<p>Dans un premier temps, commencez par mettre une graine dans chaque <a href=\"https:\/\/shop.myfood.eu\/fr\/products\/polycomposite-clods-lot-of-160-units\">motte<\/a> \u00e0 l&#8217;aide de votre outils favori. Ensuite recouvrez d\u2019un peu vermiculite de bonne qualit\u00e9 en tamisant ce dernier. La couche ne doit pas exc\u00e9der 1mm pour permettre \u00e0 la graine de germer. Surtout, veillez \u00e0 ne pas \u00e9craser vos semis. Pour finir, humidifiez votre plateau \u00e0 l\u2019aide d\u2019un vaporisateur et placez le sous la lampe LED pr\u00e9vue \u00e0 cet effet dans l\u2019incubateur ou proche d\u2019une source lumineuse (rebord de fen\u00eatre, v\u00e9randa).<\/p>\n\n\n\n<h4 class=\"wp-block-heading\">L&#8217;incubateur Myfood<\/h4>\n\n\n\n<p>Par ailleurs, si vous utilisez notre <a href=\"https:\/\/shop.myfood.eu\/fr\/products\/led-seedling-incubator\">incubateur<\/a>, les \u00e9tapes restent les m\u00eames. Cependant, pensez \u00e0 remplir le bac d\u2019eau tous les 3 \u00e0 4 jours. Sachez \u00e9galement que la hauteur de la lampe est amovible. Plus les plants grandissent, plus vous allez rehausser la lampe. Ceci pour que les plants b\u00e9n\u00e9ficient toujours d&#8217;un maximum de lumi\u00e8re et \u00e9vitent ainsi de filer. La pi\u00e8ce dans laquelle vous choisirez de mettre vos semis \u00e0 toute son importance. En plus d\u2019\u00eatre lumineuse, elle doit avoir une temp\u00e9rature de 15\u00b0C environ pour permettre aux l\u00e9gumes feuilles (salades, etc.) de se d\u00e9velopper. Id\u00e9alement, il faut 20 \u00e0 25\u00b0C pour les l\u00e9gumes d\u2019\u00e9t\u00e9 type poivron, aubergine ou tomate.<\/p>\n\n\n<div class=\"wp-block-image\">\n<figure class=\"aligncenter size-large\"><img loading=\"lazy\" decoding=\"async\" width=\"1024\" height=\"576\" src=\"https:\/\/www.myfood.eu\/wp-content\/uploads\/2023\/02\/semis-prets-a-etre-plante-1024x576.jpg\" alt=\"Semis pr\u00eats \u00e0 \u00eatre plant\u00e9 dans une serre ou potager\" class=\"wp-image-264874\" srcset=\"\/wp-content\/uploads\/2023\/02\/semis-prets-a-etre-plante-1024x576.jpg 1024w, \/wp-content\/uploads\/2023\/02\/semis-prets-a-etre-plante-300x169.jpg 300w, \/wp-content\/uploads\/2023\/02\/semis-prets-a-etre-plante-768x432.jpg 768w, \/wp-content\/uploads\/2023\/02\/semis-prets-a-etre-plante-133x75.jpg 133w, \/wp-content\/uploads\/2023\/02\/semis-prets-a-etre-plante-480x270.jpg 480w\" sizes=\"auto, (max-width:767px) 480px, (max-width:1024px) 100vw, 1024px\" \/><figcaption class=\"wp-element-caption\"><em>Semis pr\u00eats \u00e0 \u00eatre plant\u00e9 dans une serre ou potager<\/em><\/figcaption><\/figure><\/div>\n\n\n<p>Concernant la dur\u00e9e de germination vous trouverez ci-dessous quelques exemples afin de bien r\u00e9ussir vos semis&nbsp;:<\/p>\n\n\n\n<p>Avec une temp\u00e9rature entre 15 et 20\u00b0C =<\/p>\n\n\n\n<ul class=\"wp-block-list\">\n<li>Chou chinois, chou-rave et salades type laitue&nbsp;: 3 \u00e0 4 semaines<\/li>\n<\/ul>\n\n\n\n<p>Avec une temp\u00e9rature entre 20 et 25\u00b0C =<\/p>\n\n\n\n<ul class=\"wp-block-list\">\n<li>Tomates : 6 \u00e0 8 semaines<\/li>\n\n\n\n<li>Aromates&nbsp;: 6 semaines<\/li>\n\n\n\n<li>Aubergines&nbsp;: environ 8 semaines<\/li>\n\n\n\n<li>Poivrons et piments&nbsp;: environ 10 semaines<\/li>\n<\/ul>\n\n\n\n<p>Derniers conseils pour r\u00e9ussir vos semis, pensez \u00e0 l\u2019arrosage r\u00e9gulierement, les mottes doivent rester humides sans \u00eatre noy\u00e9es. Pour l\u2019\u00e9clairage artificiel, la journ\u00e9e suffit. La lampe peut \u00eatre \u00e9teinte la nuit. Veillez \u00e0 retirer d\u00e9licatement les doublons s\u2019il en y en a, car il ne faut qu\u2019un seul plant notamment pour les l\u00e9gumes fruits.<\/p>\n\n\n\n<p>D\u00e9sormais vous \u00eates pr\u00eats \u00e0 vous lancer, alors n\u2019h\u00e9sitez plus&nbsp;!&nbsp; L\u2019aventure sera belle&nbsp;\ud83d\ude0a<\/p>\n\n\n\n<div class=\"wp-block-group alignfull has-text-color has-background\" style=\"color:#000000;background-color:#ffffff\"><div class=\"wp-block-group__inner-container is-layout-flow wp-block-group-is-layout-flow\">\n<div class=\"wp-block-buttons is-horizontal is-content-justification-center is-layout-flex wp-container-core-buttons-is-layout-2 wp-block-buttons-is-layout-flex\">\n<div class=\"wp-block-button has-custom-width wp-block-button__width-50 has-custom-font-size\" style=\"font-size:18px\"><a class=\"wp-block-button__link has-text-color has-background wp-element-button\" href=\"https:\/\/myfood.pro.typeform.com\/pionnier-fr\" style=\"border-radius:50px;color:#ffffff;background-color:#2ea736\">Je me lance avec Myfood<\/a><\/div>\n<\/div>\n<\/div><\/div>\n","protected":false},"excerpt":{"rendered":"<p>Vous \u00eates-vous d\u00e9j\u00e0 demand\u00e9 comment bien r\u00e9ussir ses semis&nbsp;? Combien de temps les graines mettent-elles \u00e0 germer&nbsp;? Quel mat\u00e9riel utiliser&nbsp;? Quel substrat ? Et si on<span class=\"excerpt-hellip\"> [\u2026]<\/span><\/p>\n","protected":false},"author":1,"featured_media":264879,"comment_status":"open","ping_status":"open","sticky":false,"template":"","format":"standard","meta":{"footnotes":""},"categories":[334,336],"tags":[39,57,137,58,48,59,60,50],"class_list":["post-264854","post","type-post","status-publish","format-standard","has-post-thumbnail","hentry","category-devenir-autonome","category-techniques-culture","tag-agriculture","tag-cultures","tag-fruits-2","tag-incubateur","tag-legumes","tag-semences","tag-semis","tag-serre"],"yoast_head":"<!-- This site is optimized with the Yoast SEO plugin v24.7 - https:\/\/yoast.com\/wordpress\/plugins\/seo\/ -->\n<title>Comment bien r\u00e9ussir ses semis ? Nos trucs et astuces<\/title>\n<meta name=\"description\" content=\"Vous \u00eates-vous d\u00e9j\u00e0 demand\u00e9 comment bien r\u00e9ussir ses semis\u00a0? Combien de temps les graines mettent-elles \u00e0 germer\u00a0? On vous dit tout.\" \/>\n<meta name=\"robots\" content=\"index, follow, max-snippet:-1, max-image-preview:large, max-video-preview:-1\" \/>\n<link rel=\"canonical\" href=\"https:\/\/myfood.eu\/fr\/2023\/02\/comment-reussir-ses-semis-trucs-et-astuces\/\" \/>\n<meta property=\"og:locale\" content=\"fr_FR\" \/>\n<meta property=\"og:type\" content=\"article\" \/>\n<meta property=\"og:title\" content=\"Comment bien r\u00e9ussir ses semis ? Nos trucs et astuces\" \/>\n<meta property=\"og:description\" content=\"Vous \u00eates-vous d\u00e9j\u00e0 demand\u00e9 comment bien r\u00e9ussir ses semis\u00a0? Combien de temps les graines mettent-elles \u00e0 germer\u00a0? On vous dit tout.\" \/>\n<meta property=\"og:url\" content=\"https:\/\/myfood.eu\/fr\/2023\/02\/comment-reussir-ses-semis-trucs-et-astuces\/\" \/>\n<meta property=\"og:site_name\" content=\"myfood - Serre innovante et Permaculture\" \/>\n<meta property=\"article:published_time\" content=\"2023-02-28T09:03:13+00:00\" \/>\n<meta property=\"article:modified_time\" content=\"2025-01-27T08:59:34+00:00\" \/>\n<meta property=\"og:image\" content=\"https:\/\/myfood.eu\/wp-content\/uploads\/2023\/02\/semis-en-train-de-germer.jpg\" \/>\n\t<meta property=\"og:image:width\" content=\"1920\" \/>\n\t<meta property=\"og:image:height\" content=\"1080\" \/>\n\t<meta property=\"og:image:type\" content=\"image\/jpeg\" \/>\n<meta name=\"author\" content=\"admin\" \/>\n<meta name=\"twitter:card\" content=\"summary_large_image\" \/>\n<meta name=\"twitter:creator\" content=\"@admin@myfood.eu\" \/>\n<meta name=\"twitter:label1\" content=\"\u00c9crit par\" \/>\n\t<meta name=\"twitter:data1\" content=\"admin\" \/>\n\t<meta name=\"twitter:label2\" content=\"Dur\u00e9e de lecture estim\u00e9e\" \/>\n\t<meta name=\"twitter:data2\" content=\"11 minutes\" \/>\n<script type=\"application\/ld+json\" class=\"yoast-schema-graph\">{\"@context\":\"https:\/\/schema.org\",\"@graph\":[{\"@type\":\"WebPage\",\"@id\":\"https:\/\/myfood.eu\/fr\/2023\/02\/comment-reussir-ses-semis-trucs-et-astuces\/\",\"url\":\"https:\/\/myfood.eu\/fr\/2023\/02\/comment-reussir-ses-semis-trucs-et-astuces\/\",\"name\":\"Comment bien r\u00e9ussir ses semis ? Nos trucs et astuces\",\"isPartOf\":{\"@id\":\"https:\/\/myfood.eu\/fr\/#website\"},\"primaryImageOfPage\":{\"@id\":\"https:\/\/myfood.eu\/fr\/2023\/02\/comment-reussir-ses-semis-trucs-et-astuces\/#primaryimage\"},\"image\":{\"@id\":\"https:\/\/myfood.eu\/fr\/2023\/02\/comment-reussir-ses-semis-trucs-et-astuces\/#primaryimage\"},\"thumbnailUrl\":\"\/wp-content\/uploads\/2023\/02\/semis-en-train-de-germer.jpg\",\"datePublished\":\"2023-02-28T09:03:13+00:00\",\"dateModified\":\"2025-01-27T08:59:34+00:00\",\"author\":{\"@id\":\"https:\/\/myfood.eu\/fr\/#\/schema\/person\/66baf1e5a9518dc0cf5050e34a6759bd\"},\"description\":\"Vous \u00eates-vous d\u00e9j\u00e0 demand\u00e9 comment bien r\u00e9ussir ses semis\u00a0? Combien de temps les graines mettent-elles \u00e0 germer\u00a0? On vous dit tout.\",\"breadcrumb\":{\"@id\":\"https:\/\/myfood.eu\/fr\/2023\/02\/comment-reussir-ses-semis-trucs-et-astuces\/#breadcrumb\"},\"inLanguage\":\"fr-FR\",\"potentialAction\":[{\"@type\":\"ReadAction\",\"target\":[\"https:\/\/myfood.eu\/fr\/2023\/02\/comment-reussir-ses-semis-trucs-et-astuces\/\"]}]},{\"@type\":\"ImageObject\",\"inLanguage\":\"fr-FR\",\"@id\":\"https:\/\/myfood.eu\/fr\/2023\/02\/comment-reussir-ses-semis-trucs-et-astuces\/#primaryimage\",\"url\":\"\/wp-content\/uploads\/2023\/02\/semis-en-train-de-germer.jpg\",\"contentUrl\":\"\/wp-content\/uploads\/2023\/02\/semis-en-train-de-germer.jpg\",\"width\":1920,\"height\":1080,\"caption\":\"semis en train de germer\"},{\"@type\":\"BreadcrumbList\",\"@id\":\"https:\/\/myfood.eu\/fr\/2023\/02\/comment-reussir-ses-semis-trucs-et-astuces\/#breadcrumb\",\"itemListElement\":[{\"@type\":\"ListItem\",\"position\":1,\"name\":\"Home\",\"item\":\"https:\/\/myfood.eu\/fr\/\"},{\"@type\":\"ListItem\",\"position\":2,\"name\":\"\u00c0 vos semis, pr\u00eat\u00a0? Partez\u00a0!\"}]},{\"@type\":\"WebSite\",\"@id\":\"https:\/\/myfood.eu\/fr\/#website\",\"url\":\"https:\/\/myfood.eu\/fr\/\",\"name\":\"myfood - Serre innovante et Permaculture\",\"description\":\"Se reconnecter \u00e0 son alimentation\",\"potentialAction\":[{\"@type\":\"SearchAction\",\"target\":{\"@type\":\"EntryPoint\",\"urlTemplate\":\"https:\/\/myfood.eu\/fr\/?s={search_term_string}\"},\"query-input\":{\"@type\":\"PropertyValueSpecification\",\"valueRequired\":true,\"valueName\":\"search_term_string\"}}],\"inLanguage\":\"fr-FR\"},{\"@type\":\"Person\",\"@id\":\"https:\/\/myfood.eu\/fr\/#\/schema\/person\/66baf1e5a9518dc0cf5050e34a6759bd\",\"name\":\"admin\",\"image\":{\"@type\":\"ImageObject\",\"inLanguage\":\"fr-FR\",\"@id\":\"https:\/\/myfood.eu\/fr\/#\/schema\/person\/image\/\",\"url\":\"https:\/\/secure.gravatar.com\/avatar\/ad33338237077d3cb1a62a1997e5bf78?s=96&d=mm&r=g\",\"contentUrl\":\"https:\/\/secure.gravatar.com\/avatar\/ad33338237077d3cb1a62a1997e5bf78?s=96&d=mm&r=g\",\"caption\":\"admin\"},\"sameAs\":[\"https:\/\/myfood.eu\",\"https:\/\/x.com\/admin@myfood.eu\"],\"url\":\"https:\/\/myfood.eu\/fr\/author\/admin\/\"}]}<\/script>\n<!-- \/ Yoast SEO plugin. -->","yoast_head_json":{"title":"Comment bien r\u00e9ussir ses semis ? Nos trucs et astuces","description":"Vous \u00eates-vous d\u00e9j\u00e0 demand\u00e9 comment bien r\u00e9ussir ses semis\u00a0? Combien de temps les graines mettent-elles \u00e0 germer\u00a0? On vous dit tout.","robots":{"index":"index","follow":"follow","max-snippet":"max-snippet:-1","max-image-preview":"max-image-preview:large","max-video-preview":"max-video-preview:-1"},"canonical":"https:\/\/myfood.eu\/fr\/2023\/02\/comment-reussir-ses-semis-trucs-et-astuces\/","og_locale":"fr_FR","og_type":"article","og_title":"Comment bien r\u00e9ussir ses semis ? Nos trucs et astuces","og_description":"Vous \u00eates-vous d\u00e9j\u00e0 demand\u00e9 comment bien r\u00e9ussir ses semis\u00a0? Combien de temps les graines mettent-elles \u00e0 germer\u00a0? On vous dit tout.","og_url":"https:\/\/myfood.eu\/fr\/2023\/02\/comment-reussir-ses-semis-trucs-et-astuces\/","og_site_name":"myfood - Serre innovante et Permaculture","article_published_time":"2023-02-28T09:03:13+00:00","article_modified_time":"2025-01-27T08:59:34+00:00","og_image":[{"width":1920,"height":1080,"url":"https:\/\/myfood.eu\/wp-content\/uploads\/2023\/02\/semis-en-train-de-germer.jpg","type":"image\/jpeg"}],"author":"admin","twitter_card":"summary_large_image","twitter_creator":"@admin@myfood.eu","twitter_misc":{"\u00c9crit par":"admin","Dur\u00e9e de lecture estim\u00e9e":"11 minutes"},"schema":{"@context":"https:\/\/schema.org","@graph":[{"@type":"WebPage","@id":"https:\/\/myfood.eu\/fr\/2023\/02\/comment-reussir-ses-semis-trucs-et-astuces\/","url":"https:\/\/myfood.eu\/fr\/2023\/02\/comment-reussir-ses-semis-trucs-et-astuces\/","name":"Comment bien r\u00e9ussir ses semis ? Nos trucs et astuces","isPartOf":{"@id":"https:\/\/myfood.eu\/fr\/#website"},"primaryImageOfPage":{"@id":"https:\/\/myfood.eu\/fr\/2023\/02\/comment-reussir-ses-semis-trucs-et-astuces\/#primaryimage"},"image":{"@id":"https:\/\/myfood.eu\/fr\/2023\/02\/comment-reussir-ses-semis-trucs-et-astuces\/#primaryimage"},"thumbnailUrl":"\/wp-content\/uploads\/2023\/02\/semis-en-train-de-germer.jpg","datePublished":"2023-02-28T09:03:13+00:00","dateModified":"2025-01-27T08:59:34+00:00","author":{"@id":"https:\/\/myfood.eu\/fr\/#\/schema\/person\/66baf1e5a9518dc0cf5050e34a6759bd"},"description":"Vous \u00eates-vous d\u00e9j\u00e0 demand\u00e9 comment bien r\u00e9ussir ses semis\u00a0? Combien de temps les graines mettent-elles \u00e0 germer\u00a0? On vous dit tout.","breadcrumb":{"@id":"https:\/\/myfood.eu\/fr\/2023\/02\/comment-reussir-ses-semis-trucs-et-astuces\/#breadcrumb"},"inLanguage":"fr-FR","potentialAction":[{"@type":"ReadAction","target":["https:\/\/myfood.eu\/fr\/2023\/02\/comment-reussir-ses-semis-trucs-et-astuces\/"]}]},{"@type":"ImageObject","inLanguage":"fr-FR","@id":"https:\/\/myfood.eu\/fr\/2023\/02\/comment-reussir-ses-semis-trucs-et-astuces\/#primaryimage","url":"\/wp-content\/uploads\/2023\/02\/semis-en-train-de-germer.jpg","contentUrl":"\/wp-content\/uploads\/2023\/02\/semis-en-train-de-germer.jpg","width":1920,"height":1080,"caption":"semis en train de germer"},{"@type":"BreadcrumbList","@id":"https:\/\/myfood.eu\/fr\/2023\/02\/comment-reussir-ses-semis-trucs-et-astuces\/#breadcrumb","itemListElement":[{"@type":"ListItem","position":1,"name":"Home","item":"https:\/\/myfood.eu\/fr\/"},{"@type":"ListItem","position":2,"name":"\u00c0 vos semis, pr\u00eat\u00a0? Partez\u00a0!"}]},{"@type":"WebSite","@id":"https:\/\/myfood.eu\/fr\/#website","url":"https:\/\/myfood.eu\/fr\/","name":"myfood - Serre innovante et Permaculture","description":"Se reconnecter \u00e0 son alimentation","potentialAction":[{"@type":"SearchAction","target":{"@type":"EntryPoint","urlTemplate":"https:\/\/myfood.eu\/fr\/?s={search_term_string}"},"query-input":{"@type":"PropertyValueSpecification","valueRequired":true,"valueName":"search_term_string"}}],"inLanguage":"fr-FR"},{"@type":"Person","@id":"https:\/\/myfood.eu\/fr\/#\/schema\/person\/66baf1e5a9518dc0cf5050e34a6759bd","name":"admin","image":{"@type":"ImageObject","inLanguage":"fr-FR","@id":"https:\/\/myfood.eu\/fr\/#\/schema\/person\/image\/","url":"https:\/\/secure.gravatar.com\/avatar\/ad33338237077d3cb1a62a1997e5bf78?s=96&d=mm&r=g","contentUrl":"https:\/\/secure.gravatar.com\/avatar\/ad33338237077d3cb1a62a1997e5bf78?s=96&d=mm&r=g","caption":"admin"},"sameAs":["https:\/\/myfood.eu","https:\/\/x.com\/admin@myfood.eu"],"url":"https:\/\/myfood.eu\/fr\/author\/admin\/"}]}},"_links":{"self":[{"href":"https:\/\/myfood.eu\/fr\/wp-json\/wp\/v2\/posts\/264854","targetHints":{"allow":["GET"]}}],"collection":[{"href":"https:\/\/myfood.eu\/fr\/wp-json\/wp\/v2\/posts"}],"about":[{"href":"https:\/\/myfood.eu\/fr\/wp-json\/wp\/v2\/types\/post"}],"author":[{"embeddable":true,"href":"https:\/\/myfood.eu\/fr\/wp-json\/wp\/v2\/users\/1"}],"replies":[{"embeddable":true,"href":"https:\/\/myfood.eu\/fr\/wp-json\/wp\/v2\/comments?post=264854"}],"version-history":[{"count":0,"href":"https:\/\/myfood.eu\/fr\/wp-json\/wp\/v2\/posts\/264854\/revisions"}],"wp:featuredmedia":[{"embeddable":true,"href":"https:\/\/myfood.eu\/fr\/wp-json\/wp\/v2\/media\/264879"}],"wp:attachment":[{"href":"https:\/\/myfood.eu\/fr\/wp-json\/wp\/v2\/media?parent=264854"}],"wp:term":[{"taxonomy":"category","embeddable":true,"href":"https:\/\/myfood.eu\/fr\/wp-json\/wp\/v2\/categories?post=264854"},{"taxonomy":"post_tag","embeddable":true,"href":"https:\/\/myfood.eu\/fr\/wp-json\/wp\/v2\/tags?post=264854"}],"curies":[{"name":"wp","href":"https:\/\/api.w.org\/{rel}","templated":true}]}}