{"id":266716,"date":"2022-02-15T09:54:16","date_gmt":"2022-02-15T08:54:16","guid":{"rendered":"https:\/\/myfood.eu\/?p=266716"},"modified":"2025-01-27T09:02:19","modified_gmt":"2025-01-27T09:02:19","slug":"serre-culture-production-rentabilite-prix-investissement-consommation","status":"publish","type":"post","link":"https:\/\/myfood.eu\/fr\/2022\/02\/serre-culture-production-rentabilite-prix-investissement-consommation\/","title":{"rendered":"Manger 5 fruits et l\u00e9gumes par jour, oui mais \u00e0 quel prix ?"},"content":{"rendered":"\n<p>Nos futurs pionniers nous posent souvent la question de la rentabilit\u00e9 de la serre. Ils cherchent notamment \u00e0 savoir quels sont les avantages en termes de productivit\u00e9.<\/p>\n\n\n\n<p><em>Dans cet article, vous comprendrez en quoi investir dans une serre innovante Myfood est bien plus b\u00e9n\u00e9fique que d\u2019acheter des l\u00e9gumes dans le commerce tout au long de votre vie.<\/em><\/p>\n\n\n<div class=\"wp-block-image\">\n<figure class=\"aligncenter size-large\"><img decoding=\"async\" src=\"https:\/\/myfood.eu\/wp-content\/uploads\/2022\/12\/Serre-Myfood-Molsheim-Pionnier-1024x768.jpg\" alt=\"\" class=\"wp-image-264540\"\/><\/figure><\/div>\n\n\n<h2 class=\"wp-block-heading\" id=\"quelles-tendances-de-consommation\">Quelles tendances de consommation ?<\/h2>\n\n\n\n<p>Peu de personnes le savent, mais la consommation de fruits et l\u00e9gumes frais pr\u00e9conis\u00e9e est de <strong>400g par jour<\/strong>. Or en France m\u00e9tropolitaine, cette consommation est estim\u00e9e \u00e0 <strong>350g par habitant et par jour<\/strong>. Ce qui signifie donc qu\u2019un Fran\u00e7ais <strong>ne mange pas assez de fruits et l\u00e9gumes en moyenne.<\/strong>&nbsp;<\/p>\n\n\n\n<p>La question du budget en est la premi\u00e8re cause. C\u2019est d\u2019ailleurs le premier crit\u00e8re \u00e0 l\u2019achat d\u2019un fruit ou d\u2019un l\u00e9gume. Des <a href=\"https:\/\/www.lemonde.fr\/economie\/article\/2022\/01\/21\/les-prix-des-fruits-et-legumes-en-hausse-de-9-en-france-entre-2019-et-2021_6110373_3234.html\" target=\"_blank\" rel=\"noreferrer noopener\">\u00e9tudes<\/a> r\u00e9centes ont toutefois r\u00e9v\u00e9l\u00e9 qu&#8217;en 2022, <strong>le prix des fruits et l\u00e9gumes a augment\u00e9 de 11%<\/strong>, ce qui refroidit forc\u00e9ment certains consommateurs lors de l\u2019achat.&nbsp;<\/p>\n\n\n\n<p>Lorsqu\u2019on parle de tendances de consommation, il faut aussi penser au <strong>gaspillage<\/strong>. En effet, le gaspillage reste une probl\u00e9matique persistante dans notre soci\u00e9t\u00e9 de consommation. En France, les pertes et les <strong>gaspillages alimentaires<\/strong> repr\u00e9sentent pr\u00e8s de <strong>10 millions de tonnes<\/strong> de produits par an. C\u2019est un chiffre qui reste relativement \u00e9lev\u00e9 malgr\u00e9 les solutions innovantes mises \u00e0 disposition des consommateurs.&nbsp;<\/p>\n\n\n\n<blockquote class=\"wp-block-quote is-style-large is-layout-flow wp-block-quote-is-layout-flow\" style=\"font-size:17px\">\n<p>&#8220;<em>L\u2019avantage de la serre est que, si je suis seul \u00e0 manger, je peux prendre uniquement 4-5 feuilles de salades et laisser le reste dans la serre. Il y a beaucoup moins de gaspillage<\/em>.&#8221;<\/p>\n<cite>Yannick \u00e0 Strasbourg<\/cite><\/blockquote>\n\n\n\n<p>Pour rem\u00e9dier \u00e0 ces probl\u00e9matiques budg\u00e9taires et de gaspillage, la solution serait-elle d\u2019investir dans son propre outil de production \u202f?&nbsp;<\/p>\n\n\n\n<h2 class=\"wp-block-heading\" id=\"l-experience-de-la-serre-innovante\">L&#8217;exp\u00e9rience de la serre innovante<\/h2>\n\n\n\n<p><strong>L\u2019objectif de Myfood est de faire d\u00e9couvrir l\u2019autonomie alimentaire<\/strong> aux citoyens gr\u00e2ce \u00e0 une solution de culture innovante chez soi. Ceci pour r\u00e9pondre aux besoins nutritifs de toute la famille. La r\u00e9ponse pour ne pas y passer toutes ses journ\u00e9es : des <strong>serres de cultures cl\u00e9s-en-main et connect\u00e9es \u00e0 un r\u00e9seau d\u2019agronomes <\/strong>et apprentis maraichers.&nbsp;&nbsp;<\/p>\n\n\n\n<p>Une serre Myfood est constitu\u00e9e de diff\u00e9rents modules qui permettent de produire de diff\u00e9rentes fa\u00e7ons\u202f: des <strong>tours de culture verticales au-dessus de bassins d\u2019aquaponie<\/strong> et des <strong>bacs de permaculture<\/strong>.&nbsp;<\/p>\n\n\n\n<p>Certaines versions incluent aussi des bassins de production de spiruline ou des micropousses.<\/p>\n\n\n\n<h2 class=\"wp-block-heading\" id=\"concretement-qu-est-ce-que-l-on-produit\">Concr\u00e8tement, qu&#8217;est ce que l&#8217;on produit ?<\/h2>\n\n\n\n<p>Nous avons d\u00e9compos\u00e9 chaque module de la serre pour que vous preniez connaissance des quantit\u00e9s que produisent chacun d\u2019entre eux.&nbsp;<\/p>\n\n\n\n<blockquote class=\"wp-block-quote is-style-large is-layout-flow wp-block-quote-is-layout-flow\" style=\"font-size:17px\">\n<p><em>\u00ab\u202fOn r\u00e9coltait tellement de l\u00e9gumes qu\u2019on a d\u00fb en redistribuer \u00e0 nos voisins.\u202f\u00bb<\/em><\/p>\n<cite>Olivier \u00e0 Villeurbanne<\/cite><\/blockquote>\n\n\n<div class=\"wp-block-image\">\n<figure class=\"aligncenter size-large\"><img decoding=\"async\" src=\"https:\/\/myfood.eu\/wp-content\/uploads\/2022\/02\/family-ehpad-signature-nice-1-1024x682.webp\" alt=\"Serre Family d\u00e9bordante de l\u00e9gumes\" class=\"wp-image-260014\"\/><\/figure><\/div>\n\n\n<div style=\"height:20px\" aria-hidden=\"true\" class=\"wp-block-spacer\"><\/div>\n\n\n\n<p>Nous nous sommes bas\u00e9s sur une serre <strong><a href=\"https:\/\/myfood.eu\/fr\/notre-serre\/serre-innovante\/\">Family Production de 22m<sup>2<\/sup><\/a><\/strong> avec 6 bacs de permaculture et de vingt-quatre tours de culture. Valeur\u202f: 13 290\u20ac TTC<\/p>\n\n\n\n<figure class=\"wp-block-image size-full\"><img decoding=\"async\" src=\"https:\/\/myfood.eu\/wp-content\/uploads\/2022\/12\/Production-serre-Family-en-kg-2.jpg\" alt=\"\" class=\"wp-image-264517\"\/><\/figure>\n\n\n\n<p>Pour un niveau de d\u00e9tail suppl\u00e9mentaire\u202f: dans une tour verticale, on peut par exemple planter et r\u00e9colter 4 salades de ~350g tous les 3 mois. Cela nous fait donc 4 salades x 4 r\u00e9coltes x 350g = 5,6kg de r\u00e9colte par an par tour.&nbsp;<\/p>\n\n\n\n<p><strong>On arrive ainsi chaque ann\u00e9e \u00e0 une production approximative de &gt;360kg de fruits et l\u00e9gumes.<\/strong> Il est \u00e9videmment possible d\u2019en avoir plus\u202f! De nombreux pionniers ont d\u00e9j\u00e0 r\u00e9ussi \u00e0 <strong>produire plus de 400kg de fruits et l\u00e9gumes<\/strong> dans leur serre.&nbsp;<\/p>\n\n\n\n<blockquote class=\"wp-block-quote is-style-large is-layout-flow wp-block-quote-is-layout-flow\" style=\"font-size:17px\">\n<p><em>\u00ab\u202fJ\u2019ai \u00e9t\u00e9 surprise des quantit\u00e9s de l\u00e9gumes que j\u2019ai r\u00e9colt\u00e9es et du nombre de conserves que j\u2019ai d\u00fb faire. J\u2019ai aussi pu faire de grosses distributions de l\u00e9gumes \u00e0 mes coll\u00e8gues, \u00e0 la famille et aux voisins\u202f\u00bb<\/em><\/p>\n<cite>Val\u00e9rie \u00e0 Rodemack<\/cite><\/blockquote>\n\n\n\n<p>En somme, une serre Family de 22m<sup>2 <\/sup>permet de produire pr\u00e8s de 400kg de fruits et l\u00e9gumes <strong>en une ann\u00e9e<\/strong>. Ce qui couvre <strong>60 \u00e0 80% des besoins d\u2019une famille de trois \u00e0 quatre personnes<\/strong>. Les r\u00e9coltes de nos pionniers durent bien toute l\u2019ann\u00e9e et m\u00eame en hiver. Int\u00e9ressant non\u202f? \ud83d\ude09<\/p>\n\n\n\n<blockquote class=\"wp-block-quote is-style-large is-layout-flow wp-block-quote-is-layout-flow\" style=\"font-size:17px\">\n<p>&#8220;Tout l&#8217;hiver, nous avons mang\u00e9 \u00e0 6 personnes, des l\u00e9gumes feuilles tous les jours&#8221;<\/p>\n<cite>Clara \u00e0 Dambach-La-Ville<\/cite><\/blockquote>\n\n\n\n<h2 class=\"wp-block-heading\" id=\"une-serre-amortie-en-6-a-7-ans\">La rentabilit\u00e9 de la serre en 5 \u00e0 6 ans (si vous mangez bio)<\/h2>\n\n\n\n<p>Les serres ont \u00e9t\u00e9 con\u00e7ues pour proposer une <strong>alternative de production<\/strong> aux consommateurs.&nbsp;&nbsp;<\/p>\n\n\n\n<p>Continuons avec notre r\u00e9f\u00e9rence la serre Family22 Production. Cette serre est aujourd\u2019hui au prix de <strong>13 390\u20ac TTC<\/strong> et fournit <strong>400 kg de l\u00e9gumes par an<\/strong>.&nbsp;<\/p>\n\n\n\n<p>Aujourd\u2019hui, 1kg de l\u00e9gumes bio co\u00fbte en moyenne <strong>3,86\u20ac<\/strong> d&#8217;apr\u00e8s <a href=\"https:\/\/www.famillesrurales.org\/sites\/multisite.famillesrurales.org._www\/files\/ckeditor\/actualites\/fichiers\/Observatoire%20Fruits%20et%20L%C3%A9gumes%202022.pdf\">l&#8217;Observatoire des prix des fruits et l\u00e9gumes 2022 de l&#8217;association Familles Rurales<\/a>.<\/p>\n\n\n\n<p>En un an avec la serre, vos r\u00e9coltes auraient donc <strong>une valeur de 3 044\u20ac pour 400kg de l\u00e9gumes produits.<\/strong> Ainsi, la rentabilit\u00e9 de la serre est de 5 \u00e0 6 ans environ.<\/p>\n\n\n\n<p>Notez que la tomate en grappe est pass\u00e9e \u00e0 5,54\u20ac \/ kg, le poivron \u00e0 6,12\u20ac \/ kg, les haricots \u00e0 8,99\u20ac, les fraises \u00e0 12,45\u20ac et les aubergines \u00e0 4,39\u20ac le kilo. Ce sont probablement les l\u00e9gumes que vous consommez le plus en \u00e9t\u00e9 et qui alourdissent votre panier.  <strong>Si vous \u00eates friands de ces l\u00e9gumes, la valeur de production de votre serre tournera plut\u00f4t aux alentours de 2 400\u20ac par an (6\u20ac\/kg). En cultivant ces l\u00e9gumes \u00e0 profusion \u00e0 la belle saison, votre serre sera amortie en 5 ans et demi. <\/strong><\/p>\n\n\n\n<h2 class=\"wp-block-heading\">Prix moyen des l\u00e9gumes en 2022<\/h2>\n\n\n<div class=\"wp-block-image\">\n<figure class=\"aligncenter size-full\"><img decoding=\"async\" src=\"https:\/\/myfood.eu\/wp-content\/uploads\/2022\/12\/Prix-moyen-des-legumes-2022-Familles-rurales.jpg\" alt=\"\" class=\"wp-image-264520\"\/><\/figure><\/div>\n\n\n<h2 class=\"wp-block-heading\">Prix moyen des fruits en 2022<\/h2>\n\n\n\n<figure class=\"wp-block-image size-full\"><img decoding=\"async\" src=\"https:\/\/myfood.eu\/wp-content\/uploads\/2023\/01\/Prix-moyen-de-sfruits-et-legumes-2022-1.jpg\" alt=\"\" class=\"wp-image-264604\"\/><\/figure>\n\n\n\n<p>\u00c0 ce budget-l\u00e0, il faut ajouter les <strong>consommables<\/strong> (semis, plants, \u00e9lectricit\u00e9, eau\u2026), qui sont variables selon le profil et les besoins du client.&nbsp;<\/p>\n\n\n\n<p>Ce budget a \u00e9t\u00e9 estim\u00e9 \u00e0 284\u20ac par an (sachant ce co\u00fbt est plus faible pour nos Pionniers qui choisissent de r\u00e9cup\u00e9rer leurs graines et de faire leurs propres semis).<\/p>\n\n\n\n<div class=\"wp-block-buttons is-layout-flex wp-block-buttons-is-layout-flex\">\n<div class=\"wp-block-button aligncenter is-style-fill\"><a class=\"wp-block-button__link has-background wp-element-button\" href=\"https:\/\/myfood.pro.typeform.com\/pionnier-fr\" style=\"background-color:#0dbb2c\" target=\"_blank\" rel=\"noreferrer noopener\">Je calcule mon temps d&#8217;amortissement<\/a><\/div>\n<\/div>\n\n\n\n<div style=\"height:35px\" aria-hidden=\"true\" class=\"wp-block-spacer\"><\/div>\n\n\n\n<h2 class=\"wp-block-heading\" id=\"et-si-on-veut-amortir-sa-serre-encore-plus-vite\">Et si on veut amortir sa serre encore plus vite ?<\/h2>\n\n\n\n<p>Il est possible d\u2019ajouter des modules pour acc\u00e9l\u00e9rer la rentabilit\u00e9 de la serre.<\/p>\n\n\n\n<h5 class=\"wp-block-heading\" id=\"le-module-spiruline-1\">Le module spiruline<\/h5>\n\n\n<div class=\"wp-block-image\">\n<figure class=\"aligncenter size-large\"><img decoding=\"async\" src=\"https:\/\/myfood.eu\/wp-content\/uploads\/2022\/12\/Spiruline-Myfood-1-1024x768.jpg\" alt=\"\" class=\"wp-image-264537\"\/><\/figure><\/div>\n\n\n<p>Ce dernier, au prix de 1400\u20ac, permet de produire 6kg de spiruline par an. Un kilogramme de spiruline co\u00fbte entre 120 et 150\u20ac dans le commerce, et en plus, cette micro-algue vient g\u00e9n\u00e9ralement de Chine et est souvent contamin\u00e9e par des m\u00e9taux lourds. Peu attirant n&#8217;est-ce pas ?<\/p>\n\n\n\n<p>Le calcul est vite fait\u202f: 6kg x 135\u20ac x 3 ans = 2\u202f430\u20ac&nbsp;<\/p>\n\n\n\n<p>Ainsi, en moins de 3 ans, le module spiruline que vous int\u00e9grez \u00e0 la serre est rentabilis\u00e9 et vous pouvez la consommer ultra-fra\u00eeche et riche en prot\u00e9ines et antioxydants. Cet \u00e9l\u00e9ment am\u00e9liore encore la rentabilit\u00e9 de la serre.<\/p>\n\n\n\n<h5 class=\"wp-block-heading\" id=\"le-module-micropousses-1\">Le module micropousses<\/h5>\n\n\n\n<figure class=\"wp-block-image size-large\"><img decoding=\"async\" src=\"https:\/\/myfood.eu\/wp-content\/uploads\/2022\/12\/Micropousses-serre-Myfood-1-1024x681.jpg\" alt=\"\" class=\"wp-image-264527\"\/><\/figure>\n\n\n\n<p>Dans la m\u00eame lign\u00e9e, ce module au prix de 135\u20ac vous permet de produire vos propres micropousses et donc d\u2019\u00e9viter de les acheter \u00e0 des prix exorbitants dans le commerce. En effet, le kilogramme de micropousses est aujourd\u2019hui \u00e0 60\u20ac en moyenne dans le commerce.<\/p>\n\n\n\n<p>En se basant sur une r\u00e9colte de 15kg de micropousses par an, le module est rentabilis\u00e9 d\u00e8s la premi\u00e8re ann\u00e9e, m\u00eame en comptant le prix des semences et des graines.&nbsp;<\/p>\n\n\n\n<p>(Pour rappel, un module permet en 3 mois\u202fde produire 3,75kg de micro-pousse x 60\u20ac = 225\u20ac vs. 135\u20ac de co\u00fbt d\u2019achat. Apr\u00e8s, il suffit juste de racheter quelques graines et un peu de terreau)&nbsp;&nbsp;<\/p>\n\n\n\n<p>Ainsi, avec l\u2019ajout de ces modules, le retour sur investissement de la serre est plus rapide car ce sont des produits \u00e0 haute valeur ajout\u00e9e et qui sont chers dans le commerce.<\/p>\n\n\n\n<div class=\"wp-block-buttons is-layout-flex wp-block-buttons-is-layout-flex\">\n<div class=\"wp-block-button aligncenter\"><a class=\"wp-block-button__link has-background wp-element-button\" href=\"https:\/\/shop.myfood.eu\/fr\/products\/kit-microgreens\" style=\"background-color:#0dbb2c\" target=\"_blank\" rel=\"noreferrer noopener\">Voir la boutique<\/a><\/div>\n<\/div>\n\n\n\n<div style=\"height:36px\" aria-hidden=\"true\" class=\"wp-block-spacer\"><\/div>\n\n\n\n<h2 class=\"wp-block-heading\" id=\"ameliorations-continues-de-la-productivite\">Am\u00e9liorations continues de la productivit\u00e9<\/h2>\n\n\n\n<p>Les \u00e9quipes en interne sont constitu\u00e9es d\u2019ing\u00e9nieures <strong>agronomes<\/strong> qui jour apr\u00e8s jour cherchent \u00e0 am\u00e9liorer l\u2019exp\u00e9rience de chaque client avec leur serre. Ainsi, depuis 2015, de nombreuses am\u00e9liorations ont \u00e9t\u00e9 effectu\u00e9es dans la serre dans l\u2019objectif d\u2019augmenter toujours plus la durabilit\u00e9 et le rendement de la serre.&nbsp;<\/p>\n\n\n\n<p>En 2020 par exemple, nous avons encore am\u00e9lior\u00e9 notre performance en termes d\u2019\u00e9conomie d\u2019eau en p\u00e9riode de canicule. Nous avons ajout\u00e9 des toiles d\u2019ombrages, planches et caches pour limiter l\u2019\u00e9vaporation de l\u2019eau et atteindre <strong>90% d\u2019\u00e9conomie d\u2019eau<\/strong> par rapport \u00e0 un potager classique. Cette surface a \u00e9t\u00e9 en outre transform\u00e9e en zone de production suppl\u00e9mentaire en y installant par exemple des bacs de micropousses.&nbsp;&nbsp;<\/p>\n\n\n\n<p>D\u2019autre part, nous avons am\u00e9lior\u00e9 l\u2019\u00e9clairage des bacs de permaculture\u202f: des n\u00e9ons \u00e9clairaient \u00e0 l\u2019origine ces bacs\u202f; ce sont d\u00e9sormais des <strong>kits LED<\/strong> qui ont \u00e9t\u00e9 int\u00e9gr\u00e9s au-dessus des bacs de permaculture. Ils \u00e9clairent les cultures de fa\u00e7on automatique en fonction de la <strong>luminosit\u00e9<\/strong> mais \u00e9galement de la <strong>temp\u00e9rature<\/strong>.&nbsp;<\/p>\n\n\n<div class=\"wp-block-image\">\n<figure class=\"aligncenter size-large\"><img decoding=\"async\" src=\"https:\/\/myfood.eu\/wp-content\/uploads\/2022\/12\/Semis-et-plants-Myfood-1024x681.jpg\" alt=\"\" class=\"wp-image-264530\"\/><\/figure><\/div>\n\n\n<p>Enfin, myfood a mis en place un syst\u00e8me d\u2019envoi de <strong>plants<\/strong> \u00e0 domicile en 48h pour tous les pionniers qui n\u2019auraient pas le temps de r\u00e9aliser leurs semis soi-m\u00eame. La mise en place de ce syst\u00e8me permet aux pionniers de gagner du temps et d\u2019augmenter leur rendement personnel en replantant plus vite. Gr\u00e2ce aux plants, on gagne quelques semaines d\u2019avance sur ses r\u00e9coltes\u202f!&nbsp;<\/p>\n\n\n\n<div class=\"wp-block-buttons is-layout-flex wp-block-buttons-is-layout-flex\">\n<div class=\"wp-block-button aligncenter\"><a class=\"wp-block-button__link has-background wp-element-button\" href=\"https:\/\/shop.myfood.eu\/fr\/products\/36-ready-to-grow-winter-spring-seedlings\" style=\"background-color:#0dbb2c\" target=\"_blank\" rel=\"noreferrer noopener\">Voir la boutique<\/a><\/div>\n<\/div>\n\n\n\n<div style=\"height:20px\" aria-hidden=\"true\" class=\"wp-block-spacer\"><\/div>\n\n\n\n<p>Au fil du temps, les \u00e9quipes travaillent main dans la main afin que l\u2019exp\u00e9rience dans la serre soit optimis\u00e9e pour ses utilisateurs. Dans la finalit\u00e9 cela permet d\u2019obtenir des r\u00e9coltes toujours meilleures. Ces am\u00e9liorations vont continuer\u202f!<\/p>\n\n\n\n<p>Une serre de production est un r\u00e9el <strong>investissement dans sa qualit\u00e9 de vie.<\/strong> D\u00e8s qu\u2019elle produit, elle permet de faire des \u00e9conomies dans l\u2019achat de fruits et l\u00e9gumes et surtout de ne plus d\u00e9pendre des syst\u00e8mes de production conventionnels.&nbsp;<\/p>\n\n\n\n<p>Ainsi, investir dans une serre connect\u00e9e, c\u2019est devenir propri\u00e9taire de son outil de production, investir dans son bien-\u00eatre et dans une <strong>bonne alimentation<\/strong>.&nbsp;<\/p>\n\n\n\n<p>Alors\u202f? On se lance\u202f?<\/p>\n\n\n\n<p class=\"has-small-font-size\">Sources :<\/p>\n\n\n\n<p class=\"has-small-font-size\"><a href=\"https:\/\/agriurbain.hypotheses.org\/5287#:~:text=Ensuite%2C%20ils%20\u00e9valuent%20les%20prix,kg%20sur%20le%20march\u00e9%20am\u00e9ricain\">https:\/\/agriurbain.hypotheses.org\/5287#:~:text=Ensuite%2C%20ils%20\u00e9valuent%20les%20prix,kg%20sur%20le%20march\u00e9%20am\u00e9ricain<\/a><\/p>\n\n\n\n<p class=\"has-small-font-size\"><a href=\"https:\/\/www.ledroit.com\/2020\/09\/24\/micro-pousses-grand-succes-aa43adf620d88e69dadf44a242d27de3\">https:\/\/www.ledroit.com\/2020\/09\/24\/micro-pousses-grand-succes-aa43adf620d88e69dadf44a242d27de3<\/a><\/p>\n\n\n\n<p class=\"has-small-font-size\"><\/p>\n","protected":false},"excerpt":{"rendered":"<p>Nos futurs pionniers nous posent souvent la question de la rentabilit\u00e9 de la serre. Ils cherchent notamment \u00e0 savoir quels sont les avantages en termes de<span class=\"excerpt-hellip\"> [\u2026]<\/span><\/p>\n","protected":false},"author":1,"featured_media":263696,"comment_status":"open","ping_status":"open","sticky":false,"template":"","format":"standard","meta":{"footnotes":""},"categories":[335],"tags":[],"class_list":["post-266716","post","type-post","status-publish","format-standard","has-post-thumbnail","hentry","category-societe"],"yoast_head":"<!-- This site is optimized with the Yoast SEO plugin v24.7 - https:\/\/yoast.com\/wordpress\/plugins\/seo\/ -->\n<title>Quelle est la rentabilit\u00e9 de la serre de culture ? - myfood<\/title>\n<meta name=\"description\" content=\"Une serre de culture myfood est un r\u00e9el investissement dans sa qualit\u00e9 de vie. Quel est le temps pour atteindre la rentabilit\u00e9 de la serre ?\" \/>\n<meta name=\"robots\" content=\"index, follow, max-snippet:-1, max-image-preview:large, max-video-preview:-1\" \/>\n<link rel=\"canonical\" href=\"https:\/\/myfood.eu\/fr\/2022\/02\/serre-culture-production-rentabilite-prix-investissement-consommation\/\" \/>\n<meta property=\"og:locale\" content=\"fr_FR\" \/>\n<meta property=\"og:type\" content=\"article\" \/>\n<meta property=\"og:title\" content=\"Quelle est la rentabilit\u00e9 de la serre de culture ? - myfood\" \/>\n<meta property=\"og:description\" content=\"Une serre de culture myfood est un r\u00e9el investissement dans sa qualit\u00e9 de vie. Quel est le temps pour atteindre la rentabilit\u00e9 de la serre ?\" \/>\n<meta property=\"og:url\" content=\"https:\/\/myfood.eu\/fr\/2022\/02\/serre-culture-production-rentabilite-prix-investissement-consommation\/\" \/>\n<meta property=\"og:site_name\" content=\"myfood - Serre innovante et Permaculture\" \/>\n<meta property=\"article:published_time\" content=\"2022-02-15T08:54:16+00:00\" \/>\n<meta property=\"article:modified_time\" content=\"2025-01-27T09:02:19+00:00\" \/>\n<meta property=\"og:image\" content=\"https:\/\/myfood.eu\/wp-content\/uploads\/2022\/09\/aliments-nutriment-scaled-1.jpg\" \/>\n\t<meta property=\"og:image:width\" content=\"2560\" \/>\n\t<meta property=\"og:image:height\" content=\"1920\" \/>\n\t<meta property=\"og:image:type\" content=\"image\/jpeg\" \/>\n<meta name=\"author\" content=\"admin\" \/>\n<meta name=\"twitter:card\" content=\"summary_large_image\" \/>\n<meta name=\"twitter:creator\" content=\"@admin@myfood.eu\" \/>\n<meta name=\"twitter:label1\" content=\"\u00c9crit par\" \/>\n\t<meta name=\"twitter:data1\" content=\"admin\" \/>\n\t<meta name=\"twitter:label2\" content=\"Dur\u00e9e de lecture estim\u00e9e\" \/>\n\t<meta name=\"twitter:data2\" content=\"10 minutes\" \/>\n<script type=\"application\/ld+json\" class=\"yoast-schema-graph\">{\"@context\":\"https:\/\/schema.org\",\"@graph\":[{\"@type\":\"WebPage\",\"@id\":\"https:\/\/myfood.eu\/fr\/2022\/02\/serre-culture-production-rentabilite-prix-investissement-consommation\/\",\"url\":\"https:\/\/myfood.eu\/fr\/2022\/02\/serre-culture-production-rentabilite-prix-investissement-consommation\/\",\"name\":\"Quelle est la rentabilit\u00e9 de la serre de culture ? - myfood\",\"isPartOf\":{\"@id\":\"https:\/\/myfood.eu\/fr\/#website\"},\"primaryImageOfPage\":{\"@id\":\"https:\/\/myfood.eu\/fr\/2022\/02\/serre-culture-production-rentabilite-prix-investissement-consommation\/#primaryimage\"},\"image\":{\"@id\":\"https:\/\/myfood.eu\/fr\/2022\/02\/serre-culture-production-rentabilite-prix-investissement-consommation\/#primaryimage\"},\"thumbnailUrl\":\"\/wp-content\/uploads\/2022\/09\/aliments-nutriment-scaled-1.jpg\",\"datePublished\":\"2022-02-15T08:54:16+00:00\",\"dateModified\":\"2025-01-27T09:02:19+00:00\",\"author\":{\"@id\":\"https:\/\/myfood.eu\/fr\/#\/schema\/person\/66baf1e5a9518dc0cf5050e34a6759bd\"},\"description\":\"Une serre de culture myfood est un r\u00e9el investissement dans sa qualit\u00e9 de vie. Quel est le temps pour atteindre la rentabilit\u00e9 de la serre ?\",\"breadcrumb\":{\"@id\":\"https:\/\/myfood.eu\/fr\/2022\/02\/serre-culture-production-rentabilite-prix-investissement-consommation\/#breadcrumb\"},\"inLanguage\":\"fr-FR\",\"potentialAction\":[{\"@type\":\"ReadAction\",\"target\":[\"https:\/\/myfood.eu\/fr\/2022\/02\/serre-culture-production-rentabilite-prix-investissement-consommation\/\"]}]},{\"@type\":\"ImageObject\",\"inLanguage\":\"fr-FR\",\"@id\":\"https:\/\/myfood.eu\/fr\/2022\/02\/serre-culture-production-rentabilite-prix-investissement-consommation\/#primaryimage\",\"url\":\"\/wp-content\/uploads\/2022\/09\/aliments-nutriment-scaled-1.jpg\",\"contentUrl\":\"\/wp-content\/uploads\/2022\/09\/aliments-nutriment-scaled-1.jpg\",\"width\":2560,\"height\":1920,\"caption\":\"Panier de fruits et l\u00e9gumes pleins de nutriments\"},{\"@type\":\"BreadcrumbList\",\"@id\":\"https:\/\/myfood.eu\/fr\/2022\/02\/serre-culture-production-rentabilite-prix-investissement-consommation\/#breadcrumb\",\"itemListElement\":[{\"@type\":\"ListItem\",\"position\":1,\"name\":\"Home\",\"item\":\"https:\/\/myfood.eu\/fr\/\"},{\"@type\":\"ListItem\",\"position\":2,\"name\":\"Manger 5 fruits et l\u00e9gumes par jour, oui mais \u00e0 quel prix ?\"}]},{\"@type\":\"WebSite\",\"@id\":\"https:\/\/myfood.eu\/fr\/#website\",\"url\":\"https:\/\/myfood.eu\/fr\/\",\"name\":\"myfood - Serre innovante et Permaculture\",\"description\":\"Se reconnecter \u00e0 son alimentation\",\"potentialAction\":[{\"@type\":\"SearchAction\",\"target\":{\"@type\":\"EntryPoint\",\"urlTemplate\":\"https:\/\/myfood.eu\/fr\/?s={search_term_string}\"},\"query-input\":{\"@type\":\"PropertyValueSpecification\",\"valueRequired\":true,\"valueName\":\"search_term_string\"}}],\"inLanguage\":\"fr-FR\"},{\"@type\":\"Person\",\"@id\":\"https:\/\/myfood.eu\/fr\/#\/schema\/person\/66baf1e5a9518dc0cf5050e34a6759bd\",\"name\":\"admin\",\"image\":{\"@type\":\"ImageObject\",\"inLanguage\":\"fr-FR\",\"@id\":\"https:\/\/myfood.eu\/fr\/#\/schema\/person\/image\/\",\"url\":\"https:\/\/secure.gravatar.com\/avatar\/ad33338237077d3cb1a62a1997e5bf78?s=96&d=mm&r=g\",\"contentUrl\":\"https:\/\/secure.gravatar.com\/avatar\/ad33338237077d3cb1a62a1997e5bf78?s=96&d=mm&r=g\",\"caption\":\"admin\"},\"sameAs\":[\"https:\/\/myfood.eu\",\"https:\/\/x.com\/admin@myfood.eu\"],\"url\":\"https:\/\/myfood.eu\/fr\/author\/admin\/\"}]}<\/script>\n<!-- \/ Yoast SEO plugin. -->","yoast_head_json":{"title":"Quelle est la rentabilit\u00e9 de la serre de culture ? - myfood","description":"Une serre de culture myfood est un r\u00e9el investissement dans sa qualit\u00e9 de vie. Quel est le temps pour atteindre la rentabilit\u00e9 de la serre ?","robots":{"index":"index","follow":"follow","max-snippet":"max-snippet:-1","max-image-preview":"max-image-preview:large","max-video-preview":"max-video-preview:-1"},"canonical":"https:\/\/myfood.eu\/fr\/2022\/02\/serre-culture-production-rentabilite-prix-investissement-consommation\/","og_locale":"fr_FR","og_type":"article","og_title":"Quelle est la rentabilit\u00e9 de la serre de culture ? - myfood","og_description":"Une serre de culture myfood est un r\u00e9el investissement dans sa qualit\u00e9 de vie. Quel est le temps pour atteindre la rentabilit\u00e9 de la serre ?","og_url":"https:\/\/myfood.eu\/fr\/2022\/02\/serre-culture-production-rentabilite-prix-investissement-consommation\/","og_site_name":"myfood - Serre innovante et Permaculture","article_published_time":"2022-02-15T08:54:16+00:00","article_modified_time":"2025-01-27T09:02:19+00:00","og_image":[{"width":2560,"height":1920,"url":"https:\/\/myfood.eu\/wp-content\/uploads\/2022\/09\/aliments-nutriment-scaled-1.jpg","type":"image\/jpeg"}],"author":"admin","twitter_card":"summary_large_image","twitter_creator":"@admin@myfood.eu","twitter_misc":{"\u00c9crit par":"admin","Dur\u00e9e de lecture estim\u00e9e":"10 minutes"},"schema":{"@context":"https:\/\/schema.org","@graph":[{"@type":"WebPage","@id":"https:\/\/myfood.eu\/fr\/2022\/02\/serre-culture-production-rentabilite-prix-investissement-consommation\/","url":"https:\/\/myfood.eu\/fr\/2022\/02\/serre-culture-production-rentabilite-prix-investissement-consommation\/","name":"Quelle est la rentabilit\u00e9 de la serre de culture ? - myfood","isPartOf":{"@id":"https:\/\/myfood.eu\/fr\/#website"},"primaryImageOfPage":{"@id":"https:\/\/myfood.eu\/fr\/2022\/02\/serre-culture-production-rentabilite-prix-investissement-consommation\/#primaryimage"},"image":{"@id":"https:\/\/myfood.eu\/fr\/2022\/02\/serre-culture-production-rentabilite-prix-investissement-consommation\/#primaryimage"},"thumbnailUrl":"\/wp-content\/uploads\/2022\/09\/aliments-nutriment-scaled-1.jpg","datePublished":"2022-02-15T08:54:16+00:00","dateModified":"2025-01-27T09:02:19+00:00","author":{"@id":"https:\/\/myfood.eu\/fr\/#\/schema\/person\/66baf1e5a9518dc0cf5050e34a6759bd"},"description":"Une serre de culture myfood est un r\u00e9el investissement dans sa qualit\u00e9 de vie. Quel est le temps pour atteindre la rentabilit\u00e9 de la serre ?","breadcrumb":{"@id":"https:\/\/myfood.eu\/fr\/2022\/02\/serre-culture-production-rentabilite-prix-investissement-consommation\/#breadcrumb"},"inLanguage":"fr-FR","potentialAction":[{"@type":"ReadAction","target":["https:\/\/myfood.eu\/fr\/2022\/02\/serre-culture-production-rentabilite-prix-investissement-consommation\/"]}]},{"@type":"ImageObject","inLanguage":"fr-FR","@id":"https:\/\/myfood.eu\/fr\/2022\/02\/serre-culture-production-rentabilite-prix-investissement-consommation\/#primaryimage","url":"\/wp-content\/uploads\/2022\/09\/aliments-nutriment-scaled-1.jpg","contentUrl":"\/wp-content\/uploads\/2022\/09\/aliments-nutriment-scaled-1.jpg","width":2560,"height":1920,"caption":"Panier de fruits et l\u00e9gumes pleins de nutriments"},{"@type":"BreadcrumbList","@id":"https:\/\/myfood.eu\/fr\/2022\/02\/serre-culture-production-rentabilite-prix-investissement-consommation\/#breadcrumb","itemListElement":[{"@type":"ListItem","position":1,"name":"Home","item":"https:\/\/myfood.eu\/fr\/"},{"@type":"ListItem","position":2,"name":"Manger 5 fruits et l\u00e9gumes par jour, oui mais \u00e0 quel prix ?"}]},{"@type":"WebSite","@id":"https:\/\/myfood.eu\/fr\/#website","url":"https:\/\/myfood.eu\/fr\/","name":"myfood - Serre innovante et Permaculture","description":"Se reconnecter \u00e0 son alimentation","potentialAction":[{"@type":"SearchAction","target":{"@type":"EntryPoint","urlTemplate":"https:\/\/myfood.eu\/fr\/?s={search_term_string}"},"query-input":{"@type":"PropertyValueSpecification","valueRequired":true,"valueName":"search_term_string"}}],"inLanguage":"fr-FR"},{"@type":"Person","@id":"https:\/\/myfood.eu\/fr\/#\/schema\/person\/66baf1e5a9518dc0cf5050e34a6759bd","name":"admin","image":{"@type":"ImageObject","inLanguage":"fr-FR","@id":"https:\/\/myfood.eu\/fr\/#\/schema\/person\/image\/","url":"https:\/\/secure.gravatar.com\/avatar\/ad33338237077d3cb1a62a1997e5bf78?s=96&d=mm&r=g","contentUrl":"https:\/\/secure.gravatar.com\/avatar\/ad33338237077d3cb1a62a1997e5bf78?s=96&d=mm&r=g","caption":"admin"},"sameAs":["https:\/\/myfood.eu","https:\/\/x.com\/admin@myfood.eu"],"url":"https:\/\/myfood.eu\/fr\/author\/admin\/"}]}},"_links":{"self":[{"href":"https:\/\/myfood.eu\/fr\/wp-json\/wp\/v2\/posts\/266716","targetHints":{"allow":["GET"]}}],"collection":[{"href":"https:\/\/myfood.eu\/fr\/wp-json\/wp\/v2\/posts"}],"about":[{"href":"https:\/\/myfood.eu\/fr\/wp-json\/wp\/v2\/types\/post"}],"author":[{"embeddable":true,"href":"https:\/\/myfood.eu\/fr\/wp-json\/wp\/v2\/users\/1"}],"replies":[{"embeddable":true,"href":"https:\/\/myfood.eu\/fr\/wp-json\/wp\/v2\/comments?post=266716"}],"version-history":[{"count":0,"href":"https:\/\/myfood.eu\/fr\/wp-json\/wp\/v2\/posts\/266716\/revisions"}],"wp:featuredmedia":[{"embeddable":true,"href":"https:\/\/myfood.eu\/fr\/wp-json\/wp\/v2\/media\/263696"}],"wp:attachment":[{"href":"https:\/\/myfood.eu\/fr\/wp-json\/wp\/v2\/media?parent=266716"}],"wp:term":[{"taxonomy":"category","embeddable":true,"href":"https:\/\/myfood.eu\/fr\/wp-json\/wp\/v2\/categories?post=266716"},{"taxonomy":"post_tag","embeddable":true,"href":"https:\/\/myfood.eu\/fr\/wp-json\/wp\/v2\/tags?post=266716"}],"curies":[{"name":"wp","href":"https:\/\/api.w.org\/{rel}","templated":true}]}}