{"id":268769,"date":"2024-04-24T12:09:07","date_gmt":"2024-04-24T10:09:07","guid":{"rendered":"https:\/\/myfood.eu\/?p=268769"},"modified":"2025-11-25T16:12:26","modified_gmt":"2025-11-25T15:12:26","slug":"epargne-en-danger-un-investissement-sur-en-temps-de-crise","status":"publish","type":"post","link":"https:\/\/myfood.eu\/fr\/2024\/04\/epargne-en-danger-un-investissement-sur-en-temps-de-crise\/","title":{"rendered":"\u00c9pargne en danger : allez-vous \u00e9viter de vous faire tondre ?"},"content":{"rendered":"\n<p>On ne va pas se mentir, face aux r\u00e9centes annonces du gouvernement de mobiliser l&#8217;\u00e9pargne des citoyens pour financer <a href=\"https:\/\/factuel.media\/argent-public\/articles\/financement-de-la-defense-nationale-par-le-livret-a-54-des-francais-refusen_tco_20637208\" target=\"_blank\" rel=\"noreferrer noopener\">la guerre<\/a> ou m\u00eame <a href=\"https:\/\/www.lefigaro.fr\/vox\/economie\/et-maintenant-nos-gouvernants-s-en-prennent-au-patrimoine-financier-des-francais-20240422\" target=\"_blank\" rel=\"noreferrer noopener\">rembourser la dette des Etats<\/a>, les \u00e9pargnants se retrouvent confront\u00e9s \u00e0 <strong>un nouveau risque financier plus que probable.<\/strong><\/p>\n\n\n\n<p>Cette mesure s&#8217;ajoute \u00e0 une s\u00e9rie d&#8217;incertitudes d\u00e9j\u00e0 pr\u00e9sentes, telles que l&#8217;inflation galopante, un livret A peu rentable, une augmentation des imp\u00f4ts et les menaces d&#8217;un prochain crash boursier. Dans ce contexte pr\u00e9caire, o\u00f9 les placements traditionnels deviennent de plus en plus risqu\u00e9s, il devient crucial de rechercher des <strong>alternatives pour prot\u00e9ger son patrimoine<\/strong>.<\/p>\n\n\n\n<p>Cet article explore les raisons d&#8217;une r\u00e9orientation n\u00e9cessaire d&#8217;une partie de son \u00e9pargne vers des investissements <strong>tangibles<\/strong> et \u00e0 vis\u00e9e <strong>d\u2019autonomie<\/strong> comme les serres Myfood.<\/p>\n\n\n\n<figure class=\"wp-block-image size-large\"><img decoding=\"async\" src=\"https:\/\/myfood.eu\/wp-content\/uploads\/2024\/04\/Epargne-en-danger_low-1024x576.jpg\" alt=\"\" class=\"wp-image-268771\"\/><\/figure>\n\n\n\n<h2 class=\"wp-block-heading\">Votre \u00e9pargne en s\u00e9curit\u00e9, vraiment ?<\/h2>\n\n\n\n<p>Les options d&#8217;\u00e9pargne traditionnelles, telles que les assurances vie et les plans d&#8217;\u00e9pargne en actions (PEA), sont g\u00e9n\u00e9ralement consid\u00e9r\u00e9es comme des refuges. Cependant, ces placements sont de plus en plus vuln\u00e9rables dans le contexte actuel de volatilit\u00e9 \u00e9conomique. Le <strong>risque de perte en capital<\/strong> devient une r\u00e9alit\u00e9 visible lorsqu&#8217;on fait face \u00e0 un march\u00e9 boursier instable et impr\u00e9visible ou au risque de faillite des assureurs.<\/p>\n\n\n\n<p>Certains acteurs financiers commencent d&#8217;ailleurs \u00e0 <a href=\"https:\/\/www.capital.fr\/entreprises-marches\/cac-40-nasdaq-la-bourse-risque-un-krach-eclair-jpmorgan-tire-la-sonnette-dalarme-1494458\" target=\"_blank\" rel=\"noreferrer noopener\">alerter sur l&#8217;imminence d&#8217;une correction boursi\u00e8re<\/a>. Enfin, l\u2019assurance retraite, de par <a href=\"https:\/\/www.vie-publique.fr\/en-bref\/289993-malgre-la-reforme-des-retraites-des-comptes-en-deficit-selon-le-cor\" target=\"_blank\" rel=\"noreferrer noopener\">le d\u00e9ficit criant des caisses<\/a> et le risque de faillite des assureurs, voit sa fiabilit\u00e9 long terme remise en cause.<\/p>\n\n\n\n<div style=\"height:25px\" aria-hidden=\"true\" class=\"wp-block-spacer\"><\/div>\n\n\n\n<h2 class=\"wp-block-heading\">L&#8217;utilisation de l&#8217;\u00e9pargne pour la dette publique<\/h2>\n\n\n\n<p>R\u00e9cemment, des signaux alarmants \u00e9mis par le gouvernement ont sugg\u00e9r\u00e9 que l&#8217;\u00e9pargne des Fran\u00e7ais pourrait \u00eatre mise \u00e0 contribution pour pallier l&#8217;augmentation de la dette publique. Cette perspective inqui\u00e8te de nombreux \u00e9pargnants qui craignent de voir <strong><a href=\"https:\/\/www.lefigaro.fr\/vox\/economie\/et-maintenant-nos-gouvernants-s-en-prennent-au-patrimoine-financier-des-francais-20240422\" target=\"_blank\" rel=\"noreferrer noopener\">leurs \u00e9conomies utilis\u00e9es<\/a> pour des d\u00e9penses gouvernementales<\/strong> plut\u00f4t que pour leur propre s\u00e9curit\u00e9 financi\u00e8re.<\/p>\n\n\n\n<p>Sans forc\u00e9ment \u00e9voquer le sc\u00e9nario <a href=\"https:\/\/www.francetvinfo.fr\/monde\/chypre\/chypre-prelever-l-argent-des-epargnants-pour-sauver-le-pays-une-fausse-bonne-idee_282723.html\" target=\"_blank\" rel=\"noreferrer noopener\">du plan de sauvetage chypriote<\/a> o\u00f9 l\u2019\u00e9pargne a directement \u00e9t\u00e9 mise \u00e0 contribution pour sauver les banques, il y a malheureusement un moyen plus inqui\u00e9tant qui nous guette apr\u00e8s les \u00e9lections europ\u00e9ennes&nbsp;: <a href=\"https:\/\/www.msn.com\/fr-fr\/actualite\/france\/d%C3%A9ficit-public-lr-soup%C3%A7onne-un-plan-cach%C3%A9-du-gouvernement-pour-augmenter-les-imp%C3%B4ts\/ar-BB1lkG87\" target=\"_blank\" rel=\"noreferrer noopener\">l&#8217;augmentation des imp\u00f4ts<\/a> pour combler le d\u00e9ficit.<\/p>\n\n\n\n<p>De mani\u00e8re plus triviale, il va s\u00fbrement falloir se pr\u00e9parer \u00e0 se faire tondre \ud83d\udc11\ud83e\ude92.<\/p>\n\n\n\n<div style=\"height:25px\" aria-hidden=\"true\" class=\"wp-block-spacer\"><\/div>\n\n\n\n<h2 class=\"wp-block-heading\">Endettement et risque de d\u00e9faut des \u00c9tats<\/h2>\n\n\n\n<p>En effet, l&#8217;endettement croissant, non seulement en France (3000 Milliards d\u2019Euros&nbsp;!!) mais aussi dans de nombreuses \u00e9conomies mondiales, augmente le risque de <strong>d\u00e9faut de paiement des \u00c9tats<\/strong>. Cela pourrait entra\u00eener une crise financi\u00e8re comparable \u00e0 celle de 2008, affectant les investissements traditionnels avec par voie de cons\u00e9quence le risque de voir vos \u00e9conomies se faire grignoter.<\/p>\n\n\n\n<p>De plus, une <a href=\"https:\/\/www.lemonde.fr\/economie\/article\/2024\/02\/20\/la-dette-francaise-reste-sous-la-surveillance-des-agences-de-notation_6217472_3234.html\" target=\"_blank\" rel=\"noreferrer noopener\">d\u00e9gradation de la note de la dette fran\u00e7aise<\/a> pourrait entra\u00eener une augmentation des co\u00fbts d&#8217;emprunt pour l&#8217;\u00c9tat, ce qui alourdirait encore les charges d&#8217;int\u00e9r\u00eats de la dette et am\u00e8nerait des coupes dans les d\u00e9penses publiques. Cette perspective accentue <a href=\"https:\/\/www.moneyvox.fr\/placement\/actualites\/79449\/votre-epargne-sera-t-elle-taxee-pour-sortir-de-la-crise\" target=\"_blank\" rel=\"noreferrer noopener\">les inqui\u00e9tudes<\/a> concernant la viabilit\u00e9 financi\u00e8re \u00e0 long terme et souligne l&#8217;importance d&#8217;investir dans des solutions stables et tangibles ind\u00e9pendantes des ph\u00e9nom\u00e8nes mon\u00e9taires.<\/p>\n\n\n\n<div class=\"wp-block-buttons is-content-justification-center is-layout-flex wp-container-core-buttons-is-layout-1 wp-block-buttons-is-layout-flex\">\n<div class=\"wp-block-button has-custom-font-size\" style=\"font-size:18px\"><a class=\"wp-block-button__link has-white-color has-text-color has-background has-text-align-center wp-element-button\" href=\"https:\/\/myfood.typeform.com\/pionnier-fr\" style=\"background-color:#2ea736\">Parlez \u00e9pargne avec notre \u00e9quipe<\/a><\/div>\n<\/div>\n\n\n\n<div style=\"height:25px\" aria-hidden=\"true\" class=\"wp-block-spacer\"><\/div>\n\n\n\n<h2 class=\"wp-block-heading\">L&#8217;inflation et son impact sur l&#8217;alimentation<\/h2>\n\n\n\n<hr class=\"wp-block-separator has-css-opacity is-style-default\"\/>\n\n\n\n<blockquote class=\"wp-block-quote has-text-align-center is-style-large is-layout-flow wp-block-quote-is-layout-flow\">\n<p id=\"block-01068cee-8469-4fdd-89f4-2f7dcd06758c\"><em>\u00ab&nbsp;D\u2019un point de vue \u00e9conomique, une serre autonome est un meilleur placement financier qu\u2019une installation de panneaux solaires avec contrat de revente ou que d\u2019isoler votre maison (sauf Prime Renov\u2019 cons\u00e9quente).&nbsp;\u00bb<\/em><\/p>\n<\/blockquote>\n\n\n\n<hr class=\"wp-block-separator has-css-opacity is-style-default\"\/>\n\n\n\n<p>Par ailleurs, l&#8217;inflation, particuli\u00e8rement prononc\u00e9e dans <a href=\"https:\/\/www.lemonde.fr\/les-decodeurs\/article\/2023\/05\/17\/un-an-d-inflation-la-hausse-des-prix-de-31-produits-du-quotidien-expliquee_6173765_4355770.html\" target=\"_blank\" rel=\"noreferrer noopener\">le secteur de l&#8217;alimentation<\/a>, repr\u00e9sente une pr\u00e9occupation majeure des consommateurs. En effet, avec <strong>une inflation des prix des fruits et l\u00e9gumes d\u00e9passant les 16%<\/strong> tandis que des taux de r\u00e9mun\u00e9ration des livrets d&#8217;\u00e9pargne (type Livret A) avoisinant seulement 3%, les \u00e9pargnants subissent forc\u00e9ment une \u00e9rosion de leur pouvoir d&#8217;achat.<\/p>\n\n\n\n<p>Cette situation souligne l&#8217;absence de placements financiers traditionnels capables de contrer efficacement l&#8217;effet de l&#8217;inflation, conduisant \u00e0 une perte nette de valeur chaque ann\u00e9e, sauf \u00e0 investir dans des placements plus risqu\u00e9s, tels que le capital risque ou les cryptomonnaies tr\u00e8s en vogue actuellement. D&#8217;o\u00f9 l&#8217;int\u00e9r\u00eat de revenir \u00e0 des investissements concrets, et pas n&#8217;importe lesquels.<\/p>\n\n\n\n<figure class=\"wp-block-image size-full\"><img loading=\"lazy\" decoding=\"async\" width=\"707\" height=\"588\" src=\"\/wp-content\/uploads\/2024\/04\/Inflation.jpg\" alt=\"\" class=\"wp-image-268774\" srcset=\"\/wp-content\/uploads\/2024\/04\/Inflation.jpg 707w, \/wp-content\/uploads\/2024\/04\/Inflation-300x250.jpg 300w, \/wp-content\/uploads\/2024\/04\/Inflation-90x75.jpg 90w, \/wp-content\/uploads\/2024\/04\/Inflation-480x399.jpg 480w\" sizes=\"auto, (max-width:767px) 480px, 707px\" \/><figcaption class=\"wp-element-caption\"><em>Source Lemonde.fr<\/em><\/figcaption><\/figure>\n\n\n\n<div style=\"height:45px\" aria-hidden=\"true\" class=\"wp-block-spacer\"><\/div>\n\n\n\n<h2 class=\"wp-block-heading\">Un investissement strat\u00e9gique&nbsp;: votre outil d\u2019autoproduction alimentaire<\/h2>\n\n\n\n<p>Investir dans une serre Myfood repr\u00e9sente<strong> <a href=\"https:\/\/myfood.eu\/fr\/serre-jardin\/serre-innovante\/\">une solution innovante<\/a> pour s\u00e9curiser votre \u00e9pargne <\/strong>tout en devenant autosuffisant sur le plan alimentaire. Une serre Myfood offre la possibilit\u00e9 de produire une grande vari\u00e9t\u00e9 de fruits et l\u00e9gumes toute l&#8217;ann\u00e9e, r\u00e9duisant ainsi les d\u00e9penses alimentaires r\u00e9guli\u00e8res. Cet investissement, qui peut \u00eatre amorti en seulement cinq ans, promet des \u00e9conomies significatives et une valeur ajout\u00e9e \u00e0 votre propri\u00e9t\u00e9.<\/p>\n\n\n\n<p>Voici dans les grande lignes les principes financiers&nbsp;:<\/p>\n\n\n\n<ul class=\"wp-block-list\">\n<li>Investissement moyen de 12-15k\u20ac<\/li>\n\n\n\n<li>Retour sur investissement en 5 \u00e0 6 ans en moyenne, consommables inclus<\/li>\n\n\n\n<li>Economies annuelles d\u2019environ 2 \u00e0 3k\u20ac apr\u00e8s amortissement<\/li>\n\n\n\n<li>Garantie de dur\u00e9e de vie de la serre de 30 ans environ, qui peut \u00eatre prolong\u00e9e par des mises \u00e0 jour simples.<\/li>\n\n\n\n<li>Un placement qui impacte positivement d\u2019autres aspects (\u00e9cologie, sant\u00e9, nutrition, etc.)<\/li>\n<\/ul>\n\n\n\n<figure class=\"wp-block-image size-large\"><img loading=\"lazy\" decoding=\"async\" width=\"1024\" height=\"768\" src=\"\/wp-content\/uploads\/2024\/04\/Serre-investissement-epargne-1-1024x768.jpg\" alt=\"\" class=\"wp-image-268780\" style=\"object-fit:cover\" srcset=\"\/wp-content\/uploads\/2024\/04\/Serre-investissement-epargne-1-1024x768.jpg 1024w, \/wp-content\/uploads\/2024\/04\/Serre-investissement-epargne-1-300x225.jpg 300w, \/wp-content\/uploads\/2024\/04\/Serre-investissement-epargne-1-768x576.jpg 768w, \/wp-content\/uploads\/2024\/04\/Serre-investissement-epargne-1-100x75.jpg 100w, \/wp-content\/uploads\/2024\/04\/Serre-investissement-epargne-1-480x360.jpg 480w\" sizes=\"auto, (max-width:767px) 480px, (max-width:1024px) 100vw, 1024px\" \/><figcaption class=\"wp-element-caption\"><em>Une serre pour se nourrir et \u00eatre ind\u00e9pendant, le meilleur placement du moment<\/em><\/figcaption><\/figure>\n\n\n\n<div style=\"height:30px\" aria-hidden=\"true\" class=\"wp-block-spacer\"><\/div>\n\n\n\n<h2 class=\"wp-block-heading\">Conclusion : l&#8217;urgence d&#8217;investir pour votre avenir<\/h2>\n\n\n\n<p>Face aux d\u00e9fis financiers actuels, investir dans une serre Myfood n&#8217;est pas seulement une mesure de pr\u00e9caution ; c&#8217;est <strong>une strat\u00e9gie proactive pour prot\u00e9ger et faire cro\u00eetre vos \u00e9conomies <\/strong>dans un environnement de plus en plus impr\u00e9visible. En int\u00e9grant la souverainet\u00e9 alimentaire \u00e0 votre strat\u00e9gie d&#8217;investissement, vous int\u00e9grez une s\u00e9curit\u00e9 financi\u00e8re partielle mais aussi celle de votre approvisionnement alimentaire. Prenez le contr\u00f4le de votre avenir d\u00e8s aujourd&#8217;hui en choisissant une solution qui garantit la s\u00e9curit\u00e9 alimentaire et financi\u00e8re pour les d\u00e9cennies \u00e0 venir.<\/p>\n\n\n\n<div class=\"wp-block-buttons is-content-justification-center is-layout-flex wp-container-core-buttons-is-layout-2 wp-block-buttons-is-layout-flex\">\n<div class=\"wp-block-button has-custom-font-size\" style=\"font-size:18px\"><a class=\"wp-block-button__link has-white-color has-text-color has-background has-text-align-center wp-element-button\" href=\"https:\/\/myfood.typeform.com\/pionnier-fr\" style=\"background-color:#2ea736\">Je souhaite investir pour mon autonomie alimentaire<\/a><\/div>\n<\/div>\n\n\n\n<div style=\"height:50px\" aria-hidden=\"true\" class=\"wp-block-spacer\"><\/div>\n\n\n\n<p>Si cet article vous a aid\u00e9 \u00e0 y avoir plus clair, alors n&#8217;h\u00e9sitez pas <a href=\"https:\/\/www.facebook.com\/sharer\/sharer.php?caption=Il+est+urgent+d%E2%80%99investir+pour+votre+autonomie&amp;u=https:\/\/myfood.eu\/fr\/2024\/04\/epargne-en-danger-un-investissement-sur-en-temps-de-crise\/\" target=\"_blank\" rel=\"noreferrer noopener\">\u00e0 partager \u00e0 vos proches<\/a>.<\/p>\n","protected":false},"excerpt":{"rendered":"<p>On ne va pas se mentir, face aux r\u00e9centes annonces du gouvernement de mobiliser l&#8217;\u00e9pargne des citoyens pour financer la guerre ou m\u00eame rembourser la dette<span class=\"excerpt-hellip\"> [\u2026]<\/span><\/p>\n","protected":false},"author":1,"featured_media":268786,"comment_status":"closed","ping_status":"closed","sticky":false,"template":"","format":"standard","meta":{"footnotes":""},"categories":[335],"tags":[158,159,77,129,48,50],"class_list":["post-268769","post","type-post","status-publish","format-standard","has-post-thumbnail","hentry","category-societe","tag-economies","tag-epargne","tag-jardinage","tag-jardinier","tag-legumes","tag-serre"],"yoast_head":"<!-- This site is optimized with the Yoast SEO plugin v24.7 - https:\/\/yoast.com\/wordpress\/plugins\/seo\/ -->\n<title>\u00c9pargne en danger : allez-vous \u00e9viter de vous faire tondre ?<\/title>\n<meta name=\"description\" content=\"Il faut r\u00e9orienter une partie de son \u00e9pargne vers des investissements tangibles \u00e0 vis\u00e9e d\u2019autonomie pour \u00e9viter de se faire tondre sous peu !\" \/>\n<meta name=\"robots\" content=\"index, follow, max-snippet:-1, max-image-preview:large, max-video-preview:-1\" \/>\n<link rel=\"canonical\" href=\"https:\/\/myfood.eu\/fr\/2024\/04\/epargne-en-danger-un-investissement-sur-en-temps-de-crise\/\" \/>\n<meta property=\"og:locale\" content=\"fr_FR\" \/>\n<meta property=\"og:type\" content=\"article\" \/>\n<meta property=\"og:title\" content=\"\u00c9pargne en danger : allez-vous \u00e9viter de vous faire tondre ?\" \/>\n<meta property=\"og:description\" content=\"Il faut r\u00e9orienter une partie de son \u00e9pargne vers des investissements tangibles \u00e0 vis\u00e9e d\u2019autonomie pour \u00e9viter de se faire tondre sous peu !\" \/>\n<meta property=\"og:url\" content=\"https:\/\/myfood.eu\/fr\/2024\/04\/epargne-en-danger-un-investissement-sur-en-temps-de-crise\/\" \/>\n<meta property=\"og:site_name\" content=\"myfood - Serre innovante et Permaculture\" \/>\n<meta property=\"article:published_time\" content=\"2024-04-24T10:09:07+00:00\" \/>\n<meta property=\"article:modified_time\" content=\"2025-11-25T15:12:26+00:00\" \/>\n<meta property=\"og:image\" content=\"https:\/\/myfood-61b028269c-adhzhdbbh9gpahcz.z01.azurefd.net\/blobmyfood61b028269c\/wp-content\/uploads\/2024\/04\/Epargne-en-danger_low2.jpg\" \/>\n\t<meta property=\"og:image:width\" content=\"1500\" \/>\n\t<meta property=\"og:image:height\" content=\"844\" \/>\n\t<meta property=\"og:image:type\" content=\"image\/jpeg\" \/>\n<meta name=\"author\" content=\"admin\" \/>\n<meta name=\"twitter:card\" content=\"summary_large_image\" \/>\n<meta name=\"twitter:creator\" content=\"@admin@myfood.eu\" \/>\n<meta name=\"twitter:label1\" content=\"\u00c9crit par\" \/>\n\t<meta name=\"twitter:data1\" content=\"admin\" \/>\n\t<meta name=\"twitter:label2\" content=\"Dur\u00e9e de lecture estim\u00e9e\" \/>\n\t<meta name=\"twitter:data2\" content=\"5 minutes\" \/>\n<script type=\"application\/ld+json\" class=\"yoast-schema-graph\">{\"@context\":\"https:\/\/schema.org\",\"@graph\":[{\"@type\":\"WebPage\",\"@id\":\"https:\/\/myfood.eu\/fr\/2024\/04\/epargne-en-danger-un-investissement-sur-en-temps-de-crise\/\",\"url\":\"https:\/\/myfood.eu\/fr\/2024\/04\/epargne-en-danger-un-investissement-sur-en-temps-de-crise\/\",\"name\":\"\u00c9pargne en danger : allez-vous \u00e9viter de vous faire tondre ?\",\"isPartOf\":{\"@id\":\"https:\/\/myfood.eu\/fr\/#website\"},\"primaryImageOfPage\":{\"@id\":\"https:\/\/myfood.eu\/fr\/2024\/04\/epargne-en-danger-un-investissement-sur-en-temps-de-crise\/#primaryimage\"},\"image\":{\"@id\":\"https:\/\/myfood.eu\/fr\/2024\/04\/epargne-en-danger-un-investissement-sur-en-temps-de-crise\/#primaryimage\"},\"thumbnailUrl\":\"\/wp-content\/uploads\/2024\/04\/Epargne-en-danger_low2.jpg\",\"datePublished\":\"2024-04-24T10:09:07+00:00\",\"dateModified\":\"2025-11-25T15:12:26+00:00\",\"author\":{\"@id\":\"https:\/\/myfood.eu\/fr\/#\/schema\/person\/66baf1e5a9518dc0cf5050e34a6759bd\"},\"description\":\"Il faut r\u00e9orienter une partie de son \u00e9pargne vers des investissements tangibles \u00e0 vis\u00e9e d\u2019autonomie pour \u00e9viter de se faire tondre sous peu !\",\"breadcrumb\":{\"@id\":\"https:\/\/myfood.eu\/fr\/2024\/04\/epargne-en-danger-un-investissement-sur-en-temps-de-crise\/#breadcrumb\"},\"inLanguage\":\"fr-FR\",\"potentialAction\":[{\"@type\":\"ReadAction\",\"target\":[\"https:\/\/myfood.eu\/fr\/2024\/04\/epargne-en-danger-un-investissement-sur-en-temps-de-crise\/\"]}]},{\"@type\":\"ImageObject\",\"inLanguage\":\"fr-FR\",\"@id\":\"https:\/\/myfood.eu\/fr\/2024\/04\/epargne-en-danger-un-investissement-sur-en-temps-de-crise\/#primaryimage\",\"url\":\"\/wp-content\/uploads\/2024\/04\/Epargne-en-danger_low2.jpg\",\"contentUrl\":\"\/wp-content\/uploads\/2024\/04\/Epargne-en-danger_low2.jpg\",\"width\":1500,\"height\":844},{\"@type\":\"BreadcrumbList\",\"@id\":\"https:\/\/myfood.eu\/fr\/2024\/04\/epargne-en-danger-un-investissement-sur-en-temps-de-crise\/#breadcrumb\",\"itemListElement\":[{\"@type\":\"ListItem\",\"position\":1,\"name\":\"Home\",\"item\":\"https:\/\/myfood.eu\/fr\/\"},{\"@type\":\"ListItem\",\"position\":2,\"name\":\"\u00c9pargne en danger : allez-vous \u00e9viter de vous faire tondre ?\"}]},{\"@type\":\"WebSite\",\"@id\":\"https:\/\/myfood.eu\/fr\/#website\",\"url\":\"https:\/\/myfood.eu\/fr\/\",\"name\":\"myfood - Serre innovante et Permaculture\",\"description\":\"Se reconnecter \u00e0 son alimentation\",\"potentialAction\":[{\"@type\":\"SearchAction\",\"target\":{\"@type\":\"EntryPoint\",\"urlTemplate\":\"https:\/\/myfood.eu\/fr\/?s={search_term_string}\"},\"query-input\":{\"@type\":\"PropertyValueSpecification\",\"valueRequired\":true,\"valueName\":\"search_term_string\"}}],\"inLanguage\":\"fr-FR\"},{\"@type\":\"Person\",\"@id\":\"https:\/\/myfood.eu\/fr\/#\/schema\/person\/66baf1e5a9518dc0cf5050e34a6759bd\",\"name\":\"admin\",\"image\":{\"@type\":\"ImageObject\",\"inLanguage\":\"fr-FR\",\"@id\":\"https:\/\/myfood.eu\/fr\/#\/schema\/person\/image\/\",\"url\":\"https:\/\/secure.gravatar.com\/avatar\/ad33338237077d3cb1a62a1997e5bf78?s=96&d=mm&r=g\",\"contentUrl\":\"https:\/\/secure.gravatar.com\/avatar\/ad33338237077d3cb1a62a1997e5bf78?s=96&d=mm&r=g\",\"caption\":\"admin\"},\"sameAs\":[\"https:\/\/myfood.eu\",\"https:\/\/x.com\/admin@myfood.eu\"],\"url\":\"https:\/\/myfood.eu\/fr\/author\/admin\/\"}]}<\/script>\n<!-- \/ Yoast SEO plugin. -->","yoast_head_json":{"title":"\u00c9pargne en danger : allez-vous \u00e9viter de vous faire tondre ?","description":"Il faut r\u00e9orienter une partie de son \u00e9pargne vers des investissements tangibles \u00e0 vis\u00e9e d\u2019autonomie pour \u00e9viter de se faire tondre sous peu !","robots":{"index":"index","follow":"follow","max-snippet":"max-snippet:-1","max-image-preview":"max-image-preview:large","max-video-preview":"max-video-preview:-1"},"canonical":"https:\/\/myfood.eu\/fr\/2024\/04\/epargne-en-danger-un-investissement-sur-en-temps-de-crise\/","og_locale":"fr_FR","og_type":"article","og_title":"\u00c9pargne en danger : allez-vous \u00e9viter de vous faire tondre ?","og_description":"Il faut r\u00e9orienter une partie de son \u00e9pargne vers des investissements tangibles \u00e0 vis\u00e9e d\u2019autonomie pour \u00e9viter de se faire tondre sous peu !","og_url":"https:\/\/myfood.eu\/fr\/2024\/04\/epargne-en-danger-un-investissement-sur-en-temps-de-crise\/","og_site_name":"myfood - Serre innovante et Permaculture","article_published_time":"2024-04-24T10:09:07+00:00","article_modified_time":"2025-11-25T15:12:26+00:00","og_image":[{"width":1500,"height":844,"url":"https:\/\/myfood-61b028269c-adhzhdbbh9gpahcz.z01.azurefd.net\/blobmyfood61b028269c\/wp-content\/uploads\/2024\/04\/Epargne-en-danger_low2.jpg","type":"image\/jpeg"}],"author":"admin","twitter_card":"summary_large_image","twitter_creator":"@admin@myfood.eu","twitter_misc":{"\u00c9crit par":"admin","Dur\u00e9e de lecture estim\u00e9e":"5 minutes"},"schema":{"@context":"https:\/\/schema.org","@graph":[{"@type":"WebPage","@id":"https:\/\/myfood.eu\/fr\/2024\/04\/epargne-en-danger-un-investissement-sur-en-temps-de-crise\/","url":"https:\/\/myfood.eu\/fr\/2024\/04\/epargne-en-danger-un-investissement-sur-en-temps-de-crise\/","name":"\u00c9pargne en danger : allez-vous \u00e9viter de vous faire tondre ?","isPartOf":{"@id":"https:\/\/myfood.eu\/fr\/#website"},"primaryImageOfPage":{"@id":"https:\/\/myfood.eu\/fr\/2024\/04\/epargne-en-danger-un-investissement-sur-en-temps-de-crise\/#primaryimage"},"image":{"@id":"https:\/\/myfood.eu\/fr\/2024\/04\/epargne-en-danger-un-investissement-sur-en-temps-de-crise\/#primaryimage"},"thumbnailUrl":"\/wp-content\/uploads\/2024\/04\/Epargne-en-danger_low2.jpg","datePublished":"2024-04-24T10:09:07+00:00","dateModified":"2025-11-25T15:12:26+00:00","author":{"@id":"https:\/\/myfood.eu\/fr\/#\/schema\/person\/66baf1e5a9518dc0cf5050e34a6759bd"},"description":"Il faut r\u00e9orienter une partie de son \u00e9pargne vers des investissements tangibles \u00e0 vis\u00e9e d\u2019autonomie pour \u00e9viter de se faire tondre sous peu !","breadcrumb":{"@id":"https:\/\/myfood.eu\/fr\/2024\/04\/epargne-en-danger-un-investissement-sur-en-temps-de-crise\/#breadcrumb"},"inLanguage":"fr-FR","potentialAction":[{"@type":"ReadAction","target":["https:\/\/myfood.eu\/fr\/2024\/04\/epargne-en-danger-un-investissement-sur-en-temps-de-crise\/"]}]},{"@type":"ImageObject","inLanguage":"fr-FR","@id":"https:\/\/myfood.eu\/fr\/2024\/04\/epargne-en-danger-un-investissement-sur-en-temps-de-crise\/#primaryimage","url":"\/wp-content\/uploads\/2024\/04\/Epargne-en-danger_low2.jpg","contentUrl":"\/wp-content\/uploads\/2024\/04\/Epargne-en-danger_low2.jpg","width":1500,"height":844},{"@type":"BreadcrumbList","@id":"https:\/\/myfood.eu\/fr\/2024\/04\/epargne-en-danger-un-investissement-sur-en-temps-de-crise\/#breadcrumb","itemListElement":[{"@type":"ListItem","position":1,"name":"Home","item":"https:\/\/myfood.eu\/fr\/"},{"@type":"ListItem","position":2,"name":"\u00c9pargne en danger : allez-vous \u00e9viter de vous faire tondre ?"}]},{"@type":"WebSite","@id":"https:\/\/myfood.eu\/fr\/#website","url":"https:\/\/myfood.eu\/fr\/","name":"myfood - Serre innovante et Permaculture","description":"Se reconnecter \u00e0 son alimentation","potentialAction":[{"@type":"SearchAction","target":{"@type":"EntryPoint","urlTemplate":"https:\/\/myfood.eu\/fr\/?s={search_term_string}"},"query-input":{"@type":"PropertyValueSpecification","valueRequired":true,"valueName":"search_term_string"}}],"inLanguage":"fr-FR"},{"@type":"Person","@id":"https:\/\/myfood.eu\/fr\/#\/schema\/person\/66baf1e5a9518dc0cf5050e34a6759bd","name":"admin","image":{"@type":"ImageObject","inLanguage":"fr-FR","@id":"https:\/\/myfood.eu\/fr\/#\/schema\/person\/image\/","url":"https:\/\/secure.gravatar.com\/avatar\/ad33338237077d3cb1a62a1997e5bf78?s=96&d=mm&r=g","contentUrl":"https:\/\/secure.gravatar.com\/avatar\/ad33338237077d3cb1a62a1997e5bf78?s=96&d=mm&r=g","caption":"admin"},"sameAs":["https:\/\/myfood.eu","https:\/\/x.com\/admin@myfood.eu"],"url":"https:\/\/myfood.eu\/fr\/author\/admin\/"}]}},"_links":{"self":[{"href":"https:\/\/myfood.eu\/fr\/wp-json\/wp\/v2\/posts\/268769","targetHints":{"allow":["GET"]}}],"collection":[{"href":"https:\/\/myfood.eu\/fr\/wp-json\/wp\/v2\/posts"}],"about":[{"href":"https:\/\/myfood.eu\/fr\/wp-json\/wp\/v2\/types\/post"}],"author":[{"embeddable":true,"href":"https:\/\/myfood.eu\/fr\/wp-json\/wp\/v2\/users\/1"}],"replies":[{"embeddable":true,"href":"https:\/\/myfood.eu\/fr\/wp-json\/wp\/v2\/comments?post=268769"}],"version-history":[{"count":1,"href":"https:\/\/myfood.eu\/fr\/wp-json\/wp\/v2\/posts\/268769\/revisions"}],"predecessor-version":[{"id":1117498,"href":"https:\/\/myfood.eu\/fr\/wp-json\/wp\/v2\/posts\/268769\/revisions\/1117498"}],"wp:featuredmedia":[{"embeddable":true,"href":"https:\/\/myfood.eu\/fr\/wp-json\/wp\/v2\/media\/268786"}],"wp:attachment":[{"href":"https:\/\/myfood.eu\/fr\/wp-json\/wp\/v2\/media?parent=268769"}],"wp:term":[{"taxonomy":"category","embeddable":true,"href":"https:\/\/myfood.eu\/fr\/wp-json\/wp\/v2\/categories?post=268769"},{"taxonomy":"post_tag","embeddable":true,"href":"https:\/\/myfood.eu\/fr\/wp-json\/wp\/v2\/tags?post=268769"}],"curies":[{"name":"wp","href":"https:\/\/api.w.org\/{rel}","templated":true}]}}